{"id":20492,"date":"2025-06-02T16:21:21","date_gmt":"2025-06-02T21:21:21","guid":{"rendered":"https:\/\/zaracaytv.com\/?p=20492"},"modified":"2025-06-02T16:21:21","modified_gmt":"2025-06-02T21:21:21","slug":"la-carrera-pucesd-5k-corre-por-el-manana-fue-un-exito","status":"publish","type":"post","link":"https:\/\/zaracaytv.com\/?p=20492","title":{"rendered":"LA CARRERA PUCESD 5K, CORRE POR EL MA\u00d1ANA FUE UN \u00c9XITO"},"content":{"rendered":"<body><p><\/p><img loading=\"lazy\" decoding=\"async\" class=\"size-medium wp-image-20493 alignleft\" src=\"https:\/\/zaracaytv.com\/wp-content\/uploads\/2025\/06\/ghguhurhfj-300x123.png\" alt=\"\" width=\"300\" height=\"123\" loading=\"lazy\" srcset=\"https:\/\/zaracaytv.com\/wp-content\/uploads\/2025\/06\/ghguhurhfj-300x123.png 300w, https:\/\/zaracaytv.com\/wp-content\/uploads\/2025\/06\/ghguhurhfj-1024x421.png 1024w, https:\/\/zaracaytv.com\/wp-content\/uploads\/2025\/06\/ghguhurhfj-768x316.png 768w, https:\/\/zaracaytv.com\/wp-content\/uploads\/2025\/06\/ghguhurhfj-1536x632.png 1536w, https:\/\/zaracaytv.com\/wp-content\/uploads\/2025\/06\/ghguhurhfj-570x235.png 570w, https:\/\/zaracaytv.com\/wp-content\/uploads\/2025\/06\/ghguhurhfj-270x111.png 270w, https:\/\/zaracaytv.com\/wp-content\/uploads\/2025\/06\/ghguhurhfj.png 1592w\" sizes=\"auto, (max-width: 300px) 100vw, 300px\" \/>La primera edici\u00f3n de la carrera 5k Puce Sd Corre por el Ma\u00f1ana se realiz\u00f3 este 31 de mayo con la participaci\u00f3n de varios atletas locales y nacionales. La ruta arranc\u00f3 en la calle San Crist\u00f3bal, luego pas\u00f3 a las avenidas Chone, Bombol\u00ed, Quevedo y Puerto Ila para culminar frente a las instalaciones de la Pontificia Universidad Cat\u00f3lica del Ecuador Sede Santo Domingo. Los participantes destacaron el alto nivel de los atletas y de la organizaci\u00f3n del evento.\n<p>Los deportistas manifestaron que la preparaci\u00f3n para esta competencia fue ardua, pero vali\u00f3 la pena para exigir a sus cuerpos al m\u00e1ximo y demostrar de lo que estaban hechos.<\/p>\n<p>Marcelo Moreira, coordinador de la carrera manifest\u00f3 que el objetivo de la misma fue recaudar fondos para el proyecto Alumni Red, el cual est\u00e1 enfocado en ingresar recursos econ\u00f3micos para ayudar a los estudiantes de la provincia con becas, que incluso han llegado al 100%. En esta instituci\u00f3n alrededor del 60% de los alumnos tienen becas.<\/p>\n<p>Varios deportistas ya esperan la invitaci\u00f3n para la segunda edici\u00f3n de esta competencia la cual estuvo dividida en tres categor\u00edas: hombre, mujeres y estudiantes. La competencia fue un \u00e9xito de inicio a final y en cada tramo los competidores ten\u00edan sus barras los cuales los apoyaron en cada momento.<\/p>\n<\/body>","protected":false},"excerpt":{"rendered":"<p>La primera edici\u00f3n de la carrera 5k Puce Sd Corre por el Ma\u00f1ana se realiz\u00f3 este 31 de mayo con la participaci\u00f3n de varios atletas locales y nacionales. La ruta arranc\u00f3 en la calle San Crist\u00f3bal, luego pas\u00f3 a las avenidas Chone, Bombol\u00ed, Quevedo y Puerto Ila para culminar frente a las instalaciones de la [&hellip;]<\/p>\n","protected":false},"author":7,"featured_media":20493,"comment_status":"closed","ping_status":"closed","sticky":false,"template":"","format":"standard","meta":{"om_disable_all_campaigns":false,"_joinchat":[],"footnotes":""},"categories":[32],"tags":[],"class_list":["post-20492","post","type-post","status-publish","format-standard","has-post-thumbnail","hentry","category-deportes"],"_links":{"self":[{"href":"https:\/\/zaracaytv.com\/index.php?rest_route=\/wp\/v2\/posts\/20492","targetHints":{"allow":["GET"]}}],"collection":[{"href":"https:\/\/zaracaytv.com\/index.php?rest_route=\/wp\/v2\/posts"}],"about":[{"href":"https:\/\/zaracaytv.com\/index.php?rest_route=\/wp\/v2\/types\/post"}],"author":[{"embeddable":true,"href":"https:\/\/zaracaytv.com\/index.php?rest_route=\/wp\/v2\/users\/7"}],"replies":[{"embeddable":true,"href":"https:\/\/zaracaytv.com\/index.php?rest_route=%2Fwp%2Fv2%2Fcomments&post=20492"}],"version-history":[{"count":1,"href":"https:\/\/zaracaytv.com\/index.php?rest_route=\/wp\/v2\/posts\/20492\/revisions"}],"predecessor-version":[{"id":20494,"href":"https:\/\/zaracaytv.com\/index.php?rest_route=\/wp\/v2\/posts\/20492\/revisions\/20494"}],"wp:featuredmedia":[{"embeddable":true,"href":"https:\/\/zaracaytv.com\/index.php?rest_route=\/wp\/v2\/media\/20493"}],"wp:attachment":[{"href":"https:\/\/zaracaytv.com\/index.php?rest_route=%2Fwp%2Fv2%2Fmedia&parent=20492"}],"wp:term":[{"taxonomy":"category","embeddable":true,"href":"https:\/\/zaracaytv.com\/index.php?rest_route=%2Fwp%2Fv2%2Fcategories&post=20492"},{"taxonomy":"post_tag","embeddable":true,"href":"https:\/\/zaracaytv.com\/index.php?rest_route=%2Fwp%2Fv2%2Ftags&post=20492"}],"curies":[{"name":"wp","href":"https:\/\/api.w.org\/{rel}","templated":true}]}}