{"id":20471,"date":"2025-05-30T17:18:57","date_gmt":"2025-05-30T22:18:57","guid":{"rendered":"https:\/\/zaracaytv.com\/?p=20471"},"modified":"2025-05-30T17:18:57","modified_gmt":"2025-05-30T22:18:57","slug":"asociacion-6-de-noviembre-interpone-accion-de-proteccion-contra-el-municipio-de-santo-domingo","status":"publish","type":"post","link":"https:\/\/zaracaytv.com\/?p=20471","title":{"rendered":"ASOCIACI\u00d3N 6 DE NOVIEMBRE INTERPONE ACCI\u00d3N DE PROTECCI\u00d3N CONTRA EL MUNICIPIO DE SANTO DOMINGO"},"content":{"rendered":"<body><p><\/p><img loading=\"lazy\" decoding=\"async\" class=\"size-medium wp-image-20472 alignleft\" src=\"https:\/\/zaracaytv.com\/wp-content\/uploads\/2025\/05\/78p-300x151.png\" alt=\"\" width=\"300\" height=\"151\" loading=\"lazy\" srcset=\"https:\/\/zaracaytv.com\/wp-content\/uploads\/2025\/05\/78p-300x151.png 300w, https:\/\/zaracaytv.com\/wp-content\/uploads\/2025\/05\/78p-1024x515.png 1024w, https:\/\/zaracaytv.com\/wp-content\/uploads\/2025\/05\/78p-768x387.png 768w, https:\/\/zaracaytv.com\/wp-content\/uploads\/2025\/05\/78p-1536x773.png 1536w, https:\/\/zaracaytv.com\/wp-content\/uploads\/2025\/05\/78p-570x287.png 570w, https:\/\/zaracaytv.com\/wp-content\/uploads\/2025\/05\/78p-270x136.png 270w, https:\/\/zaracaytv.com\/wp-content\/uploads\/2025\/05\/78p.png 1649w\" sizes=\"auto, (max-width: 300px) 100vw, 300px\" \/>Este mi\u00e9rcoles estaba previsto que se instale la audiencia por la Acci\u00f3n de Protecci\u00f3n con Medidas Cautelares por posible vulneraci\u00f3n de Derechos en contra de la municipalidad de Santo Domingo. El Amparo Constitucional fue presentado por la asociaci\u00f3n 6 de Noviembre, integrada por comerciantes que cumplen sus funciones en los terrenos de la exescuela Ciudad de Caracas. Seg\u00fan la vicepresidenta de este grupo, Katalina Quezada, ellos no saldr\u00e1n del espacio hasta que se construya el mall Santo Domingo prometido por el alcalde.\n<p>Para dialogar sobre una posible reubicaci\u00f3n de los m\u00e1s de 200 comerciantes, el alcalde cre\u00f3 una mesa t\u00e9cnica. El director de Mercados y Comercio de la Municipalidad lament\u00f3 que a las \u00faltimas reuniones no hayan acudido los dirigentes. Expuso que esperan llegar a un acuerdo con los comerciantes lo m\u00e1s pronto posible. <img loading=\"lazy\" decoding=\"async\" class=\"size-medium wp-image-20473 alignright\" src=\"https:\/\/zaracaytv.com\/wp-content\/uploads\/2025\/05\/68lp-300x168.png\" alt=\"\" width=\"300\" height=\"168\" loading=\"lazy\" srcset=\"https:\/\/zaracaytv.com\/wp-content\/uploads\/2025\/05\/68lp-300x168.png 300w, https:\/\/zaracaytv.com\/wp-content\/uploads\/2025\/05\/68lp-1024x573.png 1024w, https:\/\/zaracaytv.com\/wp-content\/uploads\/2025\/05\/68lp-768x430.png 768w, https:\/\/zaracaytv.com\/wp-content\/uploads\/2025\/05\/68lp-1536x860.png 1536w, https:\/\/zaracaytv.com\/wp-content\/uploads\/2025\/05\/68lp-570x319.png 570w, https:\/\/zaracaytv.com\/wp-content\/uploads\/2025\/05\/68lp-270x151.png 270w, https:\/\/zaracaytv.com\/wp-content\/uploads\/2025\/05\/68lp.png 1636w\" sizes=\"auto, (max-width: 300px) 100vw, 300px\" \/><\/p>\n<p>En este espacio hay 9 agrupaciones. La presidenta de la asociaci\u00f3n de vendedores de relojes, Gabriela Carrera, de su lado, asegur\u00f3 que no han definido el lugar para trasladarse. Hasta el momento la propuesta que les brinda la municipalidad no les agrada. Para ella, las negociaciones no han dado resultados positivos.<\/p>\n<p><img loading=\"lazy\" decoding=\"async\" class=\"size-medium wp-image-20474 alignleft\" src=\"https:\/\/zaracaytv.com\/wp-content\/uploads\/2025\/05\/ty7o-300x167.png\" alt=\"\" width=\"300\" height=\"167\" loading=\"lazy\" srcset=\"https:\/\/zaracaytv.com\/wp-content\/uploads\/2025\/05\/ty7o-300x167.png 300w, https:\/\/zaracaytv.com\/wp-content\/uploads\/2025\/05\/ty7o-1024x572.png 1024w, https:\/\/zaracaytv.com\/wp-content\/uploads\/2025\/05\/ty7o-768x429.png 768w, https:\/\/zaracaytv.com\/wp-content\/uploads\/2025\/05\/ty7o-1536x857.png 1536w, https:\/\/zaracaytv.com\/wp-content\/uploads\/2025\/05\/ty7o-570x318.png 570w, https:\/\/zaracaytv.com\/wp-content\/uploads\/2025\/05\/ty7o-270x151.png 270w, https:\/\/zaracaytv.com\/wp-content\/uploads\/2025\/05\/ty7o.png 1614w\" sizes=\"auto, (max-width: 300px) 100vw, 300px\" \/>En el mes de junio de este a\u00f1o\u00a0 los comerciantes de la exescuela Caracas deben abandonar este predio porque empezar\u00e1 la construcci\u00f3n del mega parqueadero en un edificio que tendr\u00e1 10 pisos. La obra tendr\u00e1 una inversi\u00f3n de m\u00e1s de 27 millones de d\u00f3lares.<\/p>\n<\/body>","protected":false},"excerpt":{"rendered":"<p>Este mi\u00e9rcoles estaba previsto que se instale la audiencia por la Acci\u00f3n de Protecci\u00f3n con Medidas Cautelares por posible vulneraci\u00f3n de Derechos en contra de la municipalidad de Santo Domingo. El Amparo Constitucional fue presentado por la asociaci\u00f3n 6 de Noviembre, integrada por comerciantes que cumplen sus funciones en los terrenos de la exescuela Ciudad [&hellip;]<\/p>\n","protected":false},"author":4,"featured_media":20474,"comment_status":"closed","ping_status":"closed","sticky":false,"template":"","format":"standard","meta":{"om_disable_all_campaigns":false,"_joinchat":[],"footnotes":""},"categories":[31],"tags":[],"class_list":["post-20471","post","type-post","status-publish","format-standard","has-post-thumbnail","hentry","category-la-region"],"_links":{"self":[{"href":"https:\/\/zaracaytv.com\/index.php?rest_route=\/wp\/v2\/posts\/20471","targetHints":{"allow":["GET"]}}],"collection":[{"href":"https:\/\/zaracaytv.com\/index.php?rest_route=\/wp\/v2\/posts"}],"about":[{"href":"https:\/\/zaracaytv.com\/index.php?rest_route=\/wp\/v2\/types\/post"}],"author":[{"embeddable":true,"href":"https:\/\/zaracaytv.com\/index.php?rest_route=\/wp\/v2\/users\/4"}],"replies":[{"embeddable":true,"href":"https:\/\/zaracaytv.com\/index.php?rest_route=%2Fwp%2Fv2%2Fcomments&post=20471"}],"version-history":[{"count":1,"href":"https:\/\/zaracaytv.com\/index.php?rest_route=\/wp\/v2\/posts\/20471\/revisions"}],"predecessor-version":[{"id":20475,"href":"https:\/\/zaracaytv.com\/index.php?rest_route=\/wp\/v2\/posts\/20471\/revisions\/20475"}],"wp:featuredmedia":[{"embeddable":true,"href":"https:\/\/zaracaytv.com\/index.php?rest_route=\/wp\/v2\/media\/20474"}],"wp:attachment":[{"href":"https:\/\/zaracaytv.com\/index.php?rest_route=%2Fwp%2Fv2%2Fmedia&parent=20471"}],"wp:term":[{"taxonomy":"category","embeddable":true,"href":"https:\/\/zaracaytv.com\/index.php?rest_route=%2Fwp%2Fv2%2Fcategories&post=20471"},{"taxonomy":"post_tag","embeddable":true,"href":"https:\/\/zaracaytv.com\/index.php?rest_route=%2Fwp%2Fv2%2Ftags&post=20471"}],"curies":[{"name":"wp","href":"https:\/\/api.w.org\/{rel}","templated":true}]}}