{"id":20463,"date":"2025-05-30T17:02:27","date_gmt":"2025-05-30T22:02:27","guid":{"rendered":"https:\/\/zaracaytv.com\/?p=20463"},"modified":"2025-05-30T17:02:27","modified_gmt":"2025-05-30T22:02:27","slug":"santo-domingo-conmemora-164-anos-de-historia-desde-la-ley-de-division-territorial-de-1861","status":"publish","type":"post","link":"https:\/\/zaracaytv.com\/?p=20463","title":{"rendered":"SANTO DOMINGO CONMEMORA 164 A\u00d1OS DE HISTORIA DESDE LA LEY DE DIVISI\u00d3N TERRITORIAL DE 1861"},"content":{"rendered":"<body><p><\/p><img loading=\"lazy\" decoding=\"async\" class=\"size-medium wp-image-20464 alignleft\" src=\"https:\/\/zaracaytv.com\/wp-content\/uploads\/2025\/05\/457-300x167.png\" alt=\"\" width=\"300\" height=\"167\" loading=\"lazy\" srcset=\"https:\/\/zaracaytv.com\/wp-content\/uploads\/2025\/05\/457-300x167.png 300w, https:\/\/zaracaytv.com\/wp-content\/uploads\/2025\/05\/457-1024x570.png 1024w, https:\/\/zaracaytv.com\/wp-content\/uploads\/2025\/05\/457-768x427.png 768w, https:\/\/zaracaytv.com\/wp-content\/uploads\/2025\/05\/457-1536x855.png 1536w, https:\/\/zaracaytv.com\/wp-content\/uploads\/2025\/05\/457-570x317.png 570w, https:\/\/zaracaytv.com\/wp-content\/uploads\/2025\/05\/457-270x150.png 270w, https:\/\/zaracaytv.com\/wp-content\/uploads\/2025\/05\/457.png 1639w\" sizes=\"auto, (max-width: 300px) 100vw, 300px\" \/>Este 29 de Mayo se conmemor\u00f3 un a\u00f1o m\u00e1s de la Ley de Divisi\u00f3n Territorial que dio paso a la creaci\u00f3n de Santo Domingo. El Crisol de la Nacionalidad Ecuatoriana tuvo un desarrollo primero como parroquia rural de Quito, luego fue cant\u00f3n y finalmente provincia. Este hecho hist\u00f3rico se vio plasmado cuando se nombr\u00f3 en 1850 la avenida 29 de Mayo, se\u00f1al\u00f3 V\u00edctor Hugo Torres, director del Centro Regional de Desarrollo (Credes).\n<p>El historiador Miguel M\u00e9ndez recalc\u00f3 con gran \u00edmpetu la importancia de la Y del Indio Colorado, en la cual se unen 4 v\u00edas cruciales del pa\u00eds que convergen en Santo Domingo como: Quito, Chone, Quevedo y Esmeraldas. Adem\u00e1s, se\u00f1al\u00f3 que la peatonal 3 de Julio, que antes formaba parte del acceso Chone, fue desde un inicio el principal camino hacia el cant\u00f3n, teniendo m\u00e1s relevancia, incluso que la avenida 29 de Mayo.<img loading=\"lazy\" decoding=\"async\" class=\"size-medium wp-image-20465 alignright\" src=\"https:\/\/zaracaytv.com\/wp-content\/uploads\/2025\/05\/ghjk-300x164.png\" alt=\"\" width=\"300\" height=\"164\" loading=\"lazy\" srcset=\"https:\/\/zaracaytv.com\/wp-content\/uploads\/2025\/05\/ghjk-300x164.png 300w, https:\/\/zaracaytv.com\/wp-content\/uploads\/2025\/05\/ghjk-1024x561.png 1024w, https:\/\/zaracaytv.com\/wp-content\/uploads\/2025\/05\/ghjk-768x421.png 768w, https:\/\/zaracaytv.com\/wp-content\/uploads\/2025\/05\/ghjk-1536x842.png 1536w, https:\/\/zaracaytv.com\/wp-content\/uploads\/2025\/05\/ghjk-570x312.png 570w, https:\/\/zaracaytv.com\/wp-content\/uploads\/2025\/05\/ghjk-270x148.png 270w, https:\/\/zaracaytv.com\/wp-content\/uploads\/2025\/05\/ghjk.png 1638w\" sizes=\"auto, (max-width: 300px) 100vw, 300px\" \/><\/p>\n<p>M\u00e9ndez, adem\u00e1s en sus investigaciones ha destacado el primer asentamiento en Santo Domingo, el cual es conocido como el sector del Colono en La Carolina, un lugar emblem\u00e1tico y lleno de historia, tambi\u00e9n record\u00f3 el nombre del primer barrio: Padres de Familia.<\/p>\n<p>La historia de Santo Domingo es rica para recordar, enfatizaron ambos investigadores, quienes hacen un llamado a los santodomingue\u00f1os a empaparse del desarrollo que ha tenido la tierra colorada en estos 164 a\u00f1os.<\/p>\n<\/body>","protected":false},"excerpt":{"rendered":"<p>Este 29 de Mayo se conmemor\u00f3 un a\u00f1o m\u00e1s de la Ley de Divisi\u00f3n Territorial que dio paso a la creaci\u00f3n de Santo Domingo. El Crisol de la Nacionalidad Ecuatoriana tuvo un desarrollo primero como parroquia rural de Quito, luego fue cant\u00f3n y finalmente provincia. Este hecho hist\u00f3rico se vio plasmado cuando se nombr\u00f3 en [&hellip;]<\/p>\n","protected":false},"author":4,"featured_media":20464,"comment_status":"closed","ping_status":"closed","sticky":false,"template":"","format":"standard","meta":{"om_disable_all_campaigns":false,"_joinchat":[],"footnotes":""},"categories":[31],"tags":[],"class_list":["post-20463","post","type-post","status-publish","format-standard","has-post-thumbnail","hentry","category-la-region"],"_links":{"self":[{"href":"https:\/\/zaracaytv.com\/index.php?rest_route=\/wp\/v2\/posts\/20463","targetHints":{"allow":["GET"]}}],"collection":[{"href":"https:\/\/zaracaytv.com\/index.php?rest_route=\/wp\/v2\/posts"}],"about":[{"href":"https:\/\/zaracaytv.com\/index.php?rest_route=\/wp\/v2\/types\/post"}],"author":[{"embeddable":true,"href":"https:\/\/zaracaytv.com\/index.php?rest_route=\/wp\/v2\/users\/4"}],"replies":[{"embeddable":true,"href":"https:\/\/zaracaytv.com\/index.php?rest_route=%2Fwp%2Fv2%2Fcomments&post=20463"}],"version-history":[{"count":1,"href":"https:\/\/zaracaytv.com\/index.php?rest_route=\/wp\/v2\/posts\/20463\/revisions"}],"predecessor-version":[{"id":20466,"href":"https:\/\/zaracaytv.com\/index.php?rest_route=\/wp\/v2\/posts\/20463\/revisions\/20466"}],"wp:featuredmedia":[{"embeddable":true,"href":"https:\/\/zaracaytv.com\/index.php?rest_route=\/wp\/v2\/media\/20464"}],"wp:attachment":[{"href":"https:\/\/zaracaytv.com\/index.php?rest_route=%2Fwp%2Fv2%2Fmedia&parent=20463"}],"wp:term":[{"taxonomy":"category","embeddable":true,"href":"https:\/\/zaracaytv.com\/index.php?rest_route=%2Fwp%2Fv2%2Fcategories&post=20463"},{"taxonomy":"post_tag","embeddable":true,"href":"https:\/\/zaracaytv.com\/index.php?rest_route=%2Fwp%2Fv2%2Ftags&post=20463"}],"curies":[{"name":"wp","href":"https:\/\/api.w.org\/{rel}","templated":true}]}}