{"id":20424,"date":"2025-05-29T11:12:58","date_gmt":"2025-05-29T16:12:58","guid":{"rendered":"https:\/\/zaracaytv.com\/?p=20424"},"modified":"2025-05-29T11:12:58","modified_gmt":"2025-05-29T16:12:58","slug":"se-lanzo-la-cuarta-edicion-del-tsachila-economic-forum-con-invitados-nacionales","status":"publish","type":"post","link":"https:\/\/zaracaytv.com\/?p=20424","title":{"rendered":"SE LANZ\u00d3 LA CUARTA EDICI\u00d3N DEL TS\u00c1CHILA ECONOMIC FORUM CON INVITADOS NACIONALES"},"content":{"rendered":"<body><p><\/p><img loading=\"lazy\" decoding=\"async\" class=\"size-medium wp-image-20425 alignleft\" src=\"https:\/\/zaracaytv.com\/wp-content\/uploads\/2025\/05\/R67-300x171.png\" alt=\"\" width=\"300\" height=\"171\" loading=\"lazy\" srcset=\"https:\/\/zaracaytv.com\/wp-content\/uploads\/2025\/05\/R67-300x171.png 300w, https:\/\/zaracaytv.com\/wp-content\/uploads\/2025\/05\/R67-1024x582.png 1024w, https:\/\/zaracaytv.com\/wp-content\/uploads\/2025\/05\/R67-768x437.png 768w, https:\/\/zaracaytv.com\/wp-content\/uploads\/2025\/05\/R67-1536x873.png 1536w, https:\/\/zaracaytv.com\/wp-content\/uploads\/2025\/05\/R67-570x324.png 570w, https:\/\/zaracaytv.com\/wp-content\/uploads\/2025\/05\/R67-270x153.png 270w, https:\/\/zaracaytv.com\/wp-content\/uploads\/2025\/05\/R67.png 1629w\" sizes=\"auto, (max-width: 300px) 100vw, 300px\" \/>Este mi\u00e9rcoles 28 de mayo, la C\u00e1mara de Industrias y Producci\u00f3n de Santo Domingo lanz\u00f3 de manera oficial el evento empresarial Ts\u00e1chila Economic Forum que se desarrollar\u00e1 el pr\u00f3ximo 19 de junio en esta ciudad. La presidenta de este grupo empresarial, Marcela Garc\u00eda, expuso que los temas a tratar son de vital importancia para el comercio, no solo de la ciudad, sino del pa\u00eds. <img loading=\"lazy\" decoding=\"async\" class=\"size-medium wp-image-20426 alignright\" src=\"https:\/\/zaracaytv.com\/wp-content\/uploads\/2025\/05\/Y789-300x171.png\" alt=\"\" width=\"300\" height=\"171\" loading=\"lazy\" srcset=\"https:\/\/zaracaytv.com\/wp-content\/uploads\/2025\/05\/Y789-300x171.png 300w, https:\/\/zaracaytv.com\/wp-content\/uploads\/2025\/05\/Y789-1024x584.png 1024w, https:\/\/zaracaytv.com\/wp-content\/uploads\/2025\/05\/Y789-768x438.png 768w, https:\/\/zaracaytv.com\/wp-content\/uploads\/2025\/05\/Y789-1536x875.png 1536w, https:\/\/zaracaytv.com\/wp-content\/uploads\/2025\/05\/Y789-570x325.png 570w, https:\/\/zaracaytv.com\/wp-content\/uploads\/2025\/05\/Y789-270x154.png 270w, https:\/\/zaracaytv.com\/wp-content\/uploads\/2025\/05\/Y789.png 1618w\" sizes=\"auto, (max-width: 300px) 100vw, 300px\" \/>\n<p>Este es uno de los eventos de mayor trascendencia de la regi\u00f3n. Esperan contar con la presencia de autoridades nacionales porque han realizado invitaciones que incluyen a embajadores, ministros y al presidente de la Rep\u00fablica Daniel Noboa.<\/p>\n<p><img loading=\"lazy\" decoding=\"async\" class=\"size-medium wp-image-20427 alignright\" src=\"https:\/\/zaracaytv.com\/wp-content\/uploads\/2025\/05\/U97-300x166.png\" alt=\"\" width=\"300\" height=\"166\" loading=\"lazy\" srcset=\"https:\/\/zaracaytv.com\/wp-content\/uploads\/2025\/05\/U97-300x166.png 300w, https:\/\/zaracaytv.com\/wp-content\/uploads\/2025\/05\/U97-1024x567.png 1024w, https:\/\/zaracaytv.com\/wp-content\/uploads\/2025\/05\/U97-768x426.png 768w, https:\/\/zaracaytv.com\/wp-content\/uploads\/2025\/05\/U97-1536x851.png 1536w, https:\/\/zaracaytv.com\/wp-content\/uploads\/2025\/05\/U97-570x316.png 570w, https:\/\/zaracaytv.com\/wp-content\/uploads\/2025\/05\/U97-270x150.png 270w, https:\/\/zaracaytv.com\/wp-content\/uploads\/2025\/05\/U97.png 1606w\" sizes=\"auto, (max-width: 300px) 100vw, 300px\" \/>Seg\u00fan este gremio empresarial, la provincia genera 240 partidas arancelarias y $420 millones en exportaciones. Las diferentes carteras de Estado ven con agrado estos eventos y apoyan estos encuentros.\u00a0En el evento realizado el a\u00f1o pasado hubo 1200 asistentes. Este a\u00f1o esperan superar esta cifra. Contar\u00e1n con exposiciones internacionales adem\u00e1s de representantes de grandes marcas a nivel nacional.<\/p>\n<\/body>","protected":false},"excerpt":{"rendered":"<p>Este mi\u00e9rcoles 28 de mayo, la C\u00e1mara de Industrias y Producci\u00f3n de Santo Domingo lanz\u00f3 de manera oficial el evento empresarial Ts\u00e1chila Economic Forum que se desarrollar\u00e1 el pr\u00f3ximo 19 de junio en esta ciudad. La presidenta de este grupo empresarial, Marcela Garc\u00eda, expuso que los temas a tratar son de vital importancia para el [&hellip;]<\/p>\n","protected":false},"author":4,"featured_media":20425,"comment_status":"closed","ping_status":"closed","sticky":false,"template":"","format":"standard","meta":{"om_disable_all_campaigns":false,"_joinchat":[],"footnotes":""},"categories":[31],"tags":[],"class_list":["post-20424","post","type-post","status-publish","format-standard","has-post-thumbnail","hentry","category-la-region"],"_links":{"self":[{"href":"https:\/\/zaracaytv.com\/index.php?rest_route=\/wp\/v2\/posts\/20424","targetHints":{"allow":["GET"]}}],"collection":[{"href":"https:\/\/zaracaytv.com\/index.php?rest_route=\/wp\/v2\/posts"}],"about":[{"href":"https:\/\/zaracaytv.com\/index.php?rest_route=\/wp\/v2\/types\/post"}],"author":[{"embeddable":true,"href":"https:\/\/zaracaytv.com\/index.php?rest_route=\/wp\/v2\/users\/4"}],"replies":[{"embeddable":true,"href":"https:\/\/zaracaytv.com\/index.php?rest_route=%2Fwp%2Fv2%2Fcomments&post=20424"}],"version-history":[{"count":2,"href":"https:\/\/zaracaytv.com\/index.php?rest_route=\/wp\/v2\/posts\/20424\/revisions"}],"predecessor-version":[{"id":20429,"href":"https:\/\/zaracaytv.com\/index.php?rest_route=\/wp\/v2\/posts\/20424\/revisions\/20429"}],"wp:featuredmedia":[{"embeddable":true,"href":"https:\/\/zaracaytv.com\/index.php?rest_route=\/wp\/v2\/media\/20425"}],"wp:attachment":[{"href":"https:\/\/zaracaytv.com\/index.php?rest_route=%2Fwp%2Fv2%2Fmedia&parent=20424"}],"wp:term":[{"taxonomy":"category","embeddable":true,"href":"https:\/\/zaracaytv.com\/index.php?rest_route=%2Fwp%2Fv2%2Fcategories&post=20424"},{"taxonomy":"post_tag","embeddable":true,"href":"https:\/\/zaracaytv.com\/index.php?rest_route=%2Fwp%2Fv2%2Ftags&post=20424"}],"curies":[{"name":"wp","href":"https:\/\/api.w.org\/{rel}","templated":true}]}}