{"id":20421,"date":"2025-05-29T10:48:03","date_gmt":"2025-05-29T15:48:03","guid":{"rendered":"https:\/\/zaracaytv.com\/?p=20421"},"modified":"2025-05-29T10:59:47","modified_gmt":"2025-05-29T15:59:47","slug":"fallas-en-plataforma-axis-dificultan-tramites-de-transporte-en-santo-domingo","status":"publish","type":"post","link":"https:\/\/zaracaytv.com\/?p=20421","title":{"rendered":"FALLAS EN PLATAFORMA AXIS DIFICULTAN TR\u00c1MITES DE TRANSPORTE EN SANTO DOMINGO"},"content":{"rendered":"<body><p><\/p>Mediante un comunicado, la Agencia Nacional de Tr\u00e1nsito dio a conocer sobre la suspensi\u00f3n temporal de la plataforma Axis este 28 de mayo de 08:00 am a 10:00 am, debido al mantenimiento del sistema a escala nacional. Situaci\u00f3n que caus\u00f3 molestias en cantones como Santo Domingo, donde los usuarios de la Empresa de Transporte se quejaron, pues este problema lleva present\u00e1ndose casi todo el mes de mayo dificultando el proceso de matriculaci\u00f3n y revisi\u00f3n t\u00e9cnica vehicular.\n<p>Una larga columna de perso<img loading=\"lazy\" decoding=\"async\" class=\"size-medium wp-image-20422 alignleft\" src=\"https:\/\/zaracaytv.com\/wp-content\/uploads\/2025\/05\/R65I-300x155.png\" alt=\"\" width=\"300\" height=\"155\" loading=\"lazy\" srcset=\"https:\/\/zaracaytv.com\/wp-content\/uploads\/2025\/05\/R65I-300x155.png 300w, https:\/\/zaracaytv.com\/wp-content\/uploads\/2025\/05\/R65I-1024x530.png 1024w, https:\/\/zaracaytv.com\/wp-content\/uploads\/2025\/05\/R65I-768x397.png 768w, https:\/\/zaracaytv.com\/wp-content\/uploads\/2025\/05\/R65I-1536x794.png 1536w, https:\/\/zaracaytv.com\/wp-content\/uploads\/2025\/05\/R65I-570x295.png 570w, https:\/\/zaracaytv.com\/wp-content\/uploads\/2025\/05\/R65I-270x140.png 270w, https:\/\/zaracaytv.com\/wp-content\/uploads\/2025\/05\/R65I-850x438.png 850w, https:\/\/zaracaytv.com\/wp-content\/uploads\/2025\/05\/R65I.png 1663w\" sizes=\"auto, (max-width: 300px) 100vw, 300px\" \/>nas esperaban ser atendidas en las ventanillas de la Empresa de Transporte de Santo Domingo y la queja era general, algunos ten\u00edan estancados procesos durante d\u00edas, semanas e incluso meses. Los usuarios manifestaron su inconformidad, pues la situaci\u00f3n sigue complicando el servicio. Se\u00f1alaron que antes las revisiones duraban alrededor de 2 horas y en la actualidad este proceso toma casi todo el d\u00eda.<\/p>\n<p>A este problema se sum\u00f3 la falta de personal en las ventanillas. Esto a pesar de que desde la entidad se manifest\u00f3 que se hab\u00eda aumentado hasta en un 70% la n\u00f3mina de empleados. Este problema tambi\u00e9n se repiti\u00f3 en la Agencia Nacional de Tr\u00e1nsito, donde se suspendi\u00f3 el proceso de turnos para la obtenci\u00f3n de las licencias y tr\u00e1mites vehiculares.<\/p>\n<p>Los turnos de licencias ser\u00e1n atendidos el jueves 29 y el viernes 30 de mayo desde las 08:00 hasta las 16:00. Por lo cual, las personas deber\u00e1n llevar el turno del 28 de mayo\u00a0 impreso.<\/p>\n<p>\u00a0<\/p>\n<p><iframe title=\"LA REGI\u00d3N - FALLAS EN PLATAFORMA AXIS DIFICULTAN TR\u00c1MITES DE TRANSPORTE EN SANTO DOMINGO\" width=\"800\" height=\"450\" src=\"https:\/\/www.youtube.com\/embed\/CfoAptYOQWY?feature=oembed\" frameborder=\"0\" allow=\"accelerometer; autoplay; clipboard-write; encrypted-media; gyroscope; picture-in-picture; web-share\" referrerpolicy=\"strict-origin-when-cross-origin\" allowfullscreen><\/iframe><\/p>\n<\/body>","protected":false},"excerpt":{"rendered":"<p>Mediante un comunicado, la Agencia Nacional de Tr\u00e1nsito dio a conocer sobre la suspensi\u00f3n temporal de la plataforma Axis este 28 de mayo de 08:00 am a 10:00 am, debido al mantenimiento del sistema a escala nacional. Situaci\u00f3n que caus\u00f3 molestias en cantones como Santo Domingo, donde los usuarios de la Empresa de Transporte se [&hellip;]<\/p>\n","protected":false},"author":4,"featured_media":20422,"comment_status":"closed","ping_status":"closed","sticky":false,"template":"","format":"standard","meta":{"om_disable_all_campaigns":false,"_joinchat":[],"footnotes":""},"categories":[31],"tags":[],"class_list":["post-20421","post","type-post","status-publish","format-standard","has-post-thumbnail","hentry","category-la-region"],"_links":{"self":[{"href":"https:\/\/zaracaytv.com\/index.php?rest_route=\/wp\/v2\/posts\/20421","targetHints":{"allow":["GET"]}}],"collection":[{"href":"https:\/\/zaracaytv.com\/index.php?rest_route=\/wp\/v2\/posts"}],"about":[{"href":"https:\/\/zaracaytv.com\/index.php?rest_route=\/wp\/v2\/types\/post"}],"author":[{"embeddable":true,"href":"https:\/\/zaracaytv.com\/index.php?rest_route=\/wp\/v2\/users\/4"}],"replies":[{"embeddable":true,"href":"https:\/\/zaracaytv.com\/index.php?rest_route=%2Fwp%2Fv2%2Fcomments&post=20421"}],"version-history":[{"count":1,"href":"https:\/\/zaracaytv.com\/index.php?rest_route=\/wp\/v2\/posts\/20421\/revisions"}],"predecessor-version":[{"id":20423,"href":"https:\/\/zaracaytv.com\/index.php?rest_route=\/wp\/v2\/posts\/20421\/revisions\/20423"}],"wp:featuredmedia":[{"embeddable":true,"href":"https:\/\/zaracaytv.com\/index.php?rest_route=\/wp\/v2\/media\/20422"}],"wp:attachment":[{"href":"https:\/\/zaracaytv.com\/index.php?rest_route=%2Fwp%2Fv2%2Fmedia&parent=20421"}],"wp:term":[{"taxonomy":"category","embeddable":true,"href":"https:\/\/zaracaytv.com\/index.php?rest_route=%2Fwp%2Fv2%2Fcategories&post=20421"},{"taxonomy":"post_tag","embeddable":true,"href":"https:\/\/zaracaytv.com\/index.php?rest_route=%2Fwp%2Fv2%2Ftags&post=20421"}],"curies":[{"name":"wp","href":"https:\/\/api.w.org\/{rel}","templated":true}]}}