{"id":19712,"date":"2025-05-05T11:54:29","date_gmt":"2025-05-05T16:54:29","guid":{"rendered":"https:\/\/zaracaytv.com\/?p=19712"},"modified":"2025-05-05T11:54:29","modified_gmt":"2025-05-05T16:54:29","slug":"los-habitantes-de-las-islas-impidieron-el-cierre-de-un-area-verde","status":"publish","type":"post","link":"https:\/\/zaracaytv.com\/?p=19712","title":{"rendered":"LOS HABITANTES DE LAS ISLAS IMPIDIERON EL CIERRE DE UN \u00c1REA VERDE"},"content":{"rendered":"<body><p><\/p><img loading=\"lazy\" decoding=\"async\" class=\"size-medium wp-image-19714 alignleft\" src=\"https:\/\/zaracaytv.com\/wp-content\/uploads\/2025\/05\/ghmjh-300x150.png\" alt=\"\" width=\"300\" height=\"150\" loading=\"lazy\" srcset=\"https:\/\/zaracaytv.com\/wp-content\/uploads\/2025\/05\/ghmjh-300x150.png 300w, https:\/\/zaracaytv.com\/wp-content\/uploads\/2025\/05\/ghmjh-1024x511.png 1024w, https:\/\/zaracaytv.com\/wp-content\/uploads\/2025\/05\/ghmjh-768x384.png 768w, https:\/\/zaracaytv.com\/wp-content\/uploads\/2025\/05\/ghmjh-1536x767.png 1536w, https:\/\/zaracaytv.com\/wp-content\/uploads\/2025\/05\/ghmjh-570x285.png 570w, https:\/\/zaracaytv.com\/wp-content\/uploads\/2025\/05\/ghmjh-270x135.png 270w, https:\/\/zaracaytv.com\/wp-content\/uploads\/2025\/05\/ghmjh.png 1548w\" sizes=\"auto, (max-width: 300px) 100vw, 300px\" \/>Una directiva interna que se form\u00f3 hace poco logr\u00f3 cercar parte de esta \u00e1rea verde ubicada entre la Nueva Santo Domingo y Las Islas. Los habitantes de este \u00faltimo sector lograron frenar el proyecto, argumentaron que al ser un espacio municipal no puede estar restringido.\n<p>Afirman que desde hace varios a\u00f1os han planteado proyectos para que en el sitio se construya un parque lineal, pero hasta la fecha no tienen respuesta.<\/p>\n<p>Les preocupa que este espacio se privatice y solo sea de beneficio para unos pocos y se les limite el ingreso al sector.<\/p>\n<p>Tambi\u00e9n les preocupa que una \u00e1rea verde de Las Islas est\u00e9 contemplada en los espacios de venta municipal. <img loading=\"lazy\" decoding=\"async\" class=\"size-medium wp-image-19715 alignright\" src=\"https:\/\/zaracaytv.com\/wp-content\/uploads\/2025\/05\/op-300x175.png\" alt=\"\" width=\"300\" height=\"175\" loading=\"lazy\" srcset=\"https:\/\/zaracaytv.com\/wp-content\/uploads\/2025\/05\/op-300x175.png 300w, https:\/\/zaracaytv.com\/wp-content\/uploads\/2025\/05\/op-1024x597.png 1024w, https:\/\/zaracaytv.com\/wp-content\/uploads\/2025\/05\/op-768x447.png 768w, https:\/\/zaracaytv.com\/wp-content\/uploads\/2025\/05\/op-566x330.png 566w, https:\/\/zaracaytv.com\/wp-content\/uploads\/2025\/05\/op-270x157.png 270w, https:\/\/zaracaytv.com\/wp-content\/uploads\/2025\/05\/op.png 1404w\" sizes=\"auto, (max-width: 300px) 100vw, 300px\" \/><\/p>\n<p>La infraestructura para cercar el \u00e1rea verde comprende desde la avenida Abraham Calazac\u00f3n y culmina en la calle C\u00e9sar Vallejo, en esta \u00faltima se form\u00f3 un socav\u00f3n en la parte trasera, por lo que los habitantes debieron colocar cintas de peligro para advertir del riesgo a quienes cruzan por el lugar. Piden que se garantice el car\u00e1cter p\u00fablico de este espacio y que se retomen los proyectos enfocados en su adecuaci\u00f3n como parque recreativo. Mientras tanto, se mantienen vigilantes ante cualquier intento de intervenci\u00f3n no consensuada.<\/p>\n<p>\u00a0<\/p>\n<\/body>","protected":false},"excerpt":{"rendered":"<p>Una directiva interna que se form\u00f3 hace poco logr\u00f3 cercar parte de esta \u00e1rea verde ubicada entre la Nueva Santo Domingo y Las Islas. Los habitantes de este \u00faltimo sector lograron frenar el proyecto, argumentaron que al ser un espacio municipal no puede estar restringido. Afirman que desde hace varios a\u00f1os han planteado proyectos para [&hellip;]<\/p>\n","protected":false},"author":4,"featured_media":19714,"comment_status":"closed","ping_status":"closed","sticky":false,"template":"","format":"standard","meta":{"om_disable_all_campaigns":false,"_joinchat":[],"footnotes":""},"categories":[25],"tags":[],"class_list":["post-19712","post","type-post","status-publish","format-standard","has-post-thumbnail","hentry","category-la-comunidad"],"_links":{"self":[{"href":"https:\/\/zaracaytv.com\/index.php?rest_route=\/wp\/v2\/posts\/19712","targetHints":{"allow":["GET"]}}],"collection":[{"href":"https:\/\/zaracaytv.com\/index.php?rest_route=\/wp\/v2\/posts"}],"about":[{"href":"https:\/\/zaracaytv.com\/index.php?rest_route=\/wp\/v2\/types\/post"}],"author":[{"embeddable":true,"href":"https:\/\/zaracaytv.com\/index.php?rest_route=\/wp\/v2\/users\/4"}],"replies":[{"embeddable":true,"href":"https:\/\/zaracaytv.com\/index.php?rest_route=%2Fwp%2Fv2%2Fcomments&post=19712"}],"version-history":[{"count":1,"href":"https:\/\/zaracaytv.com\/index.php?rest_route=\/wp\/v2\/posts\/19712\/revisions"}],"predecessor-version":[{"id":19716,"href":"https:\/\/zaracaytv.com\/index.php?rest_route=\/wp\/v2\/posts\/19712\/revisions\/19716"}],"wp:featuredmedia":[{"embeddable":true,"href":"https:\/\/zaracaytv.com\/index.php?rest_route=\/wp\/v2\/media\/19714"}],"wp:attachment":[{"href":"https:\/\/zaracaytv.com\/index.php?rest_route=%2Fwp%2Fv2%2Fmedia&parent=19712"}],"wp:term":[{"taxonomy":"category","embeddable":true,"href":"https:\/\/zaracaytv.com\/index.php?rest_route=%2Fwp%2Fv2%2Fcategories&post=19712"},{"taxonomy":"post_tag","embeddable":true,"href":"https:\/\/zaracaytv.com\/index.php?rest_route=%2Fwp%2Fv2%2Ftags&post=19712"}],"curies":[{"name":"wp","href":"https:\/\/api.w.org\/{rel}","templated":true}]}}