{"id":19708,"date":"2025-05-05T11:51:31","date_gmt":"2025-05-05T16:51:31","guid":{"rendered":"https:\/\/zaracaytv.com\/?p=19708"},"modified":"2025-05-05T11:51:31","modified_gmt":"2025-05-05T16:51:31","slug":"este-feriado-la-afluencia-de-viajeros-fue-normal-en-la-terminal-terreste","status":"publish","type":"post","link":"https:\/\/zaracaytv.com\/?p=19708","title":{"rendered":"ESTE FERIADO LA AFLUENCIA DE VIAJEROS FUE NORMAL EN LA TERMINAL TERRESTE"},"content":{"rendered":"<body><p><\/p><span style=\"font-weight: 400;\"><img loading=\"lazy\" decoding=\"async\" class=\"size-medium wp-image-19710 alignleft\" src=\"https:\/\/zaracaytv.com\/wp-content\/uploads\/2025\/05\/cfhdr-300x171.png\" alt=\"\" width=\"300\" height=\"171\" loading=\"lazy\" srcset=\"https:\/\/zaracaytv.com\/wp-content\/uploads\/2025\/05\/cfhdr-300x171.png 300w, https:\/\/zaracaytv.com\/wp-content\/uploads\/2025\/05\/cfhdr-1024x585.png 1024w, https:\/\/zaracaytv.com\/wp-content\/uploads\/2025\/05\/cfhdr-768x438.png 768w, https:\/\/zaracaytv.com\/wp-content\/uploads\/2025\/05\/cfhdr-1536x877.png 1536w, https:\/\/zaracaytv.com\/wp-content\/uploads\/2025\/05\/cfhdr-570x325.png 570w, https:\/\/zaracaytv.com\/wp-content\/uploads\/2025\/05\/cfhdr-270x154.png 270w, https:\/\/zaracaytv.com\/wp-content\/uploads\/2025\/05\/cfhdr.png 1566w\" sizes=\"auto, (max-width: 300px) 100vw, 300px\" \/>Como un d\u00eda normal, calificaron los vendedores de boletos de la Terminal Terrestre de Santo Domingo, el retorno de los viajeros hacia sus diferentes destinos, luego del feriado. Hacia Quito, donde mayormente suele haber acumulaci\u00f3n de pasajeros, las ventanillas luc\u00edan vac\u00edas.\u00a0<\/span>\n<p><span style=\"font-weight: 400;\">Algunos atribuyeron la baja afluencia al inicio de clases en el r\u00e9gimen Costa.\u00a0<\/span><\/p>\n<p><span style=\"font-weight: 400;\">Los usuarios por su parte aprovecharon el s\u00e1bado para retornar hasta sus lugares de trabajo y as\u00ed evitar aglomeraciones. Algunos esperaban pacientemente sus turnos, mientras otros viajaban con sus mascotas. <img loading=\"lazy\" decoding=\"async\" class=\"size-medium wp-image-19711 alignright\" src=\"https:\/\/zaracaytv.com\/wp-content\/uploads\/2025\/05\/sfgeg-300x166.png\" alt=\"\" width=\"300\" height=\"166\" loading=\"lazy\" srcset=\"https:\/\/zaracaytv.com\/wp-content\/uploads\/2025\/05\/sfgeg-300x166.png 300w, https:\/\/zaracaytv.com\/wp-content\/uploads\/2025\/05\/sfgeg-1024x568.png 1024w, https:\/\/zaracaytv.com\/wp-content\/uploads\/2025\/05\/sfgeg-768x426.png 768w, https:\/\/zaracaytv.com\/wp-content\/uploads\/2025\/05\/sfgeg-1536x852.png 1536w, https:\/\/zaracaytv.com\/wp-content\/uploads\/2025\/05\/sfgeg-570x316.png 570w, https:\/\/zaracaytv.com\/wp-content\/uploads\/2025\/05\/sfgeg-270x150.png 270w, https:\/\/zaracaytv.com\/wp-content\/uploads\/2025\/05\/sfgeg.png 1555w\" sizes=\"auto, (max-width: 300px) 100vw, 300px\" \/><\/span><\/p>\n<p><span style=\"font-weight: 400;\">Para evitar inconvenientes con el alza de pasajes, en las ventanillas se colocaron las respectivas indicaciones. De igual forma se instalaron vallas de protecci\u00f3n para impedir el ingreso de personas que no fueran a viajar.\u00a0\u00a0<\/span><\/p>\n<\/body>","protected":false},"excerpt":{"rendered":"<p>Como un d\u00eda normal, calificaron los vendedores de boletos de la Terminal Terrestre de Santo Domingo, el retorno de los viajeros hacia sus diferentes destinos, luego del feriado. Hacia Quito, donde mayormente suele haber acumulaci\u00f3n de pasajeros, las ventanillas luc\u00edan vac\u00edas.\u00a0 Algunos atribuyeron la baja afluencia al inicio de clases en el r\u00e9gimen Costa.\u00a0 Los [&hellip;]<\/p>\n","protected":false},"author":4,"featured_media":19710,"comment_status":"closed","ping_status":"closed","sticky":false,"template":"","format":"standard","meta":{"om_disable_all_campaigns":false,"_joinchat":[],"footnotes":""},"categories":[31],"tags":[],"class_list":["post-19708","post","type-post","status-publish","format-standard","has-post-thumbnail","hentry","category-la-region"],"_links":{"self":[{"href":"https:\/\/zaracaytv.com\/index.php?rest_route=\/wp\/v2\/posts\/19708","targetHints":{"allow":["GET"]}}],"collection":[{"href":"https:\/\/zaracaytv.com\/index.php?rest_route=\/wp\/v2\/posts"}],"about":[{"href":"https:\/\/zaracaytv.com\/index.php?rest_route=\/wp\/v2\/types\/post"}],"author":[{"embeddable":true,"href":"https:\/\/zaracaytv.com\/index.php?rest_route=\/wp\/v2\/users\/4"}],"replies":[{"embeddable":true,"href":"https:\/\/zaracaytv.com\/index.php?rest_route=%2Fwp%2Fv2%2Fcomments&post=19708"}],"version-history":[{"count":1,"href":"https:\/\/zaracaytv.com\/index.php?rest_route=\/wp\/v2\/posts\/19708\/revisions"}],"predecessor-version":[{"id":19713,"href":"https:\/\/zaracaytv.com\/index.php?rest_route=\/wp\/v2\/posts\/19708\/revisions\/19713"}],"wp:featuredmedia":[{"embeddable":true,"href":"https:\/\/zaracaytv.com\/index.php?rest_route=\/wp\/v2\/media\/19710"}],"wp:attachment":[{"href":"https:\/\/zaracaytv.com\/index.php?rest_route=%2Fwp%2Fv2%2Fmedia&parent=19708"}],"wp:term":[{"taxonomy":"category","embeddable":true,"href":"https:\/\/zaracaytv.com\/index.php?rest_route=%2Fwp%2Fv2%2Fcategories&post=19708"},{"taxonomy":"post_tag","embeddable":true,"href":"https:\/\/zaracaytv.com\/index.php?rest_route=%2Fwp%2Fv2%2Ftags&post=19708"}],"curies":[{"name":"wp","href":"https:\/\/api.w.org\/{rel}","templated":true}]}}