{"id":19698,"date":"2025-05-01T18:51:42","date_gmt":"2025-05-01T23:51:42","guid":{"rendered":"https:\/\/zaracaytv.com\/?p=19698"},"modified":"2025-05-01T18:51:42","modified_gmt":"2025-05-01T23:51:42","slug":"los-comerciantes-de-la-bahia-comercial-fueron-notificados-sobre-desalojos","status":"publish","type":"post","link":"https:\/\/zaracaytv.com\/?p=19698","title":{"rendered":"LOS COMERCIANTES DE LA BAH\u00cdA COMERCIAL FUERON NOTIFICADOS SOBRE DESALOJOS"},"content":{"rendered":"<body><p><\/p><img loading=\"lazy\" decoding=\"async\" class=\"size-medium wp-image-19699 alignleft\" src=\"https:\/\/zaracaytv.com\/wp-content\/uploads\/2025\/05\/ghfgh-300x161.png\" alt=\"\" width=\"300\" height=\"161\" loading=\"lazy\" srcset=\"https:\/\/zaracaytv.com\/wp-content\/uploads\/2025\/05\/ghfgh-300x161.png 300w, https:\/\/zaracaytv.com\/wp-content\/uploads\/2025\/05\/ghfgh-1024x549.png 1024w, https:\/\/zaracaytv.com\/wp-content\/uploads\/2025\/05\/ghfgh-768x412.png 768w, https:\/\/zaracaytv.com\/wp-content\/uploads\/2025\/05\/ghfgh-1536x824.png 1536w, https:\/\/zaracaytv.com\/wp-content\/uploads\/2025\/05\/ghfgh-570x306.png 570w, https:\/\/zaracaytv.com\/wp-content\/uploads\/2025\/05\/ghfgh-270x145.png 270w, https:\/\/zaracaytv.com\/wp-content\/uploads\/2025\/05\/ghfgh.png 1586w\" sizes=\"auto, (max-width: 300px) 100vw, 300px\" \/>El director municipal de Mercados y Comercio, Antony Rivilla, lleg\u00f3 hasta los patios de la exescuela Ciudad de Caracas para notificar a los comerciantes de la Bah\u00eda Comercial. En el documento se especific\u00f3 que en 30 d\u00edas deber\u00e1n salir de las instalaciones, porque en junio se construir\u00e1 un parqueadero.\n<p>La medida tom\u00f3 por sorpresa a los comerciantes, quienes decidieron devolver las notificaciones. Aseguraron que no saldr\u00e1n del lugar hasta que se construya el Mall Santo Domingo. <img loading=\"lazy\" decoding=\"async\" class=\"size-medium wp-image-19700 alignright\" src=\"https:\/\/zaracaytv.com\/wp-content\/uploads\/2025\/05\/hmghk-300x157.png\" alt=\"\" width=\"300\" height=\"157\" loading=\"lazy\" srcset=\"https:\/\/zaracaytv.com\/wp-content\/uploads\/2025\/05\/hmghk-300x157.png 300w, https:\/\/zaracaytv.com\/wp-content\/uploads\/2025\/05\/hmghk-1024x536.png 1024w, https:\/\/zaracaytv.com\/wp-content\/uploads\/2025\/05\/hmghk-768x402.png 768w, https:\/\/zaracaytv.com\/wp-content\/uploads\/2025\/05\/hmghk-1536x804.png 1536w, https:\/\/zaracaytv.com\/wp-content\/uploads\/2025\/05\/hmghk-570x298.png 570w, https:\/\/zaracaytv.com\/wp-content\/uploads\/2025\/05\/hmghk-270x141.png 270w, https:\/\/zaracaytv.com\/wp-content\/uploads\/2025\/05\/hmghk.png 1593w\" sizes=\"auto, (max-width: 300px) 100vw, 300px\" \/><\/p>\n<p>Preocupados, advirtieron de la posible vulneraci\u00f3n de derechos, y recordaron que el Alcalde de Santo Domingo les ofreci\u00f3 un lugar para continuar con sus actividades econ\u00f3micas.<\/p>\n<p>Rivilla enfatiz\u00f3 que hay tres mercados en los que los comerciantes pueden continuar ejerciendo sus labores.<\/p>\n<p>Los comerciantes por su parte indicaron que tomar\u00e1n acciones legales y pedir\u00e1n medidas cautelares para impedir el desalojo.<\/p>\n<\/body>","protected":false},"excerpt":{"rendered":"<p>El director municipal de Mercados y Comercio, Antony Rivilla, lleg\u00f3 hasta los patios de la exescuela Ciudad de Caracas para notificar a los comerciantes de la Bah\u00eda Comercial. En el documento se especific\u00f3 que en 30 d\u00edas deber\u00e1n salir de las instalaciones, porque en junio se construir\u00e1 un parqueadero. La medida tom\u00f3 por sorpresa a [&hellip;]<\/p>\n","protected":false},"author":4,"featured_media":19699,"comment_status":"closed","ping_status":"closed","sticky":false,"template":"","format":"standard","meta":{"om_disable_all_campaigns":false,"_joinchat":[],"footnotes":""},"categories":[31],"tags":[],"class_list":["post-19698","post","type-post","status-publish","format-standard","has-post-thumbnail","hentry","category-la-region"],"_links":{"self":[{"href":"https:\/\/zaracaytv.com\/index.php?rest_route=\/wp\/v2\/posts\/19698","targetHints":{"allow":["GET"]}}],"collection":[{"href":"https:\/\/zaracaytv.com\/index.php?rest_route=\/wp\/v2\/posts"}],"about":[{"href":"https:\/\/zaracaytv.com\/index.php?rest_route=\/wp\/v2\/types\/post"}],"author":[{"embeddable":true,"href":"https:\/\/zaracaytv.com\/index.php?rest_route=\/wp\/v2\/users\/4"}],"replies":[{"embeddable":true,"href":"https:\/\/zaracaytv.com\/index.php?rest_route=%2Fwp%2Fv2%2Fcomments&post=19698"}],"version-history":[{"count":1,"href":"https:\/\/zaracaytv.com\/index.php?rest_route=\/wp\/v2\/posts\/19698\/revisions"}],"predecessor-version":[{"id":19701,"href":"https:\/\/zaracaytv.com\/index.php?rest_route=\/wp\/v2\/posts\/19698\/revisions\/19701"}],"wp:featuredmedia":[{"embeddable":true,"href":"https:\/\/zaracaytv.com\/index.php?rest_route=\/wp\/v2\/media\/19699"}],"wp:attachment":[{"href":"https:\/\/zaracaytv.com\/index.php?rest_route=%2Fwp%2Fv2%2Fmedia&parent=19698"}],"wp:term":[{"taxonomy":"category","embeddable":true,"href":"https:\/\/zaracaytv.com\/index.php?rest_route=%2Fwp%2Fv2%2Fcategories&post=19698"},{"taxonomy":"post_tag","embeddable":true,"href":"https:\/\/zaracaytv.com\/index.php?rest_route=%2Fwp%2Fv2%2Ftags&post=19698"}],"curies":[{"name":"wp","href":"https:\/\/api.w.org\/{rel}","templated":true}]}}