{"id":19685,"date":"2025-05-01T18:37:28","date_gmt":"2025-05-01T23:37:28","guid":{"rendered":"https:\/\/zaracaytv.com\/?p=19685"},"modified":"2025-05-01T18:37:28","modified_gmt":"2025-05-01T23:37:28","slug":"hay-edificaciones-en-ruinas-que-preocupan-a-los-moradores-de-la-av-rio-toachi","status":"publish","type":"post","link":"https:\/\/zaracaytv.com\/?p=19685","title":{"rendered":"HAY EDIFICACIONES EN RUINAS QUE PREOCUPAN A LOS MORADORES DE LA AV. R\u00cdO TOACHI"},"content":{"rendered":"<body><p><\/p><span style=\"font-weight: 400;\"><img loading=\"lazy\" decoding=\"async\" class=\"size-medium wp-image-19686 alignleft\" src=\"https:\/\/zaracaytv.com\/wp-content\/uploads\/2025\/05\/yiuoui-300x154.png\" alt=\"\" width=\"300\" height=\"154\" loading=\"lazy\" srcset=\"https:\/\/zaracaytv.com\/wp-content\/uploads\/2025\/05\/yiuoui-300x154.png 300w, https:\/\/zaracaytv.com\/wp-content\/uploads\/2025\/05\/yiuoui-1024x525.png 1024w, https:\/\/zaracaytv.com\/wp-content\/uploads\/2025\/05\/yiuoui-768x394.png 768w, https:\/\/zaracaytv.com\/wp-content\/uploads\/2025\/05\/yiuoui-1536x788.png 1536w, https:\/\/zaracaytv.com\/wp-content\/uploads\/2025\/05\/yiuoui-570x292.png 570w, https:\/\/zaracaytv.com\/wp-content\/uploads\/2025\/05\/yiuoui-270x138.png 270w, https:\/\/zaracaytv.com\/wp-content\/uploads\/2025\/05\/yiuoui-850x438.png 850w, https:\/\/zaracaytv.com\/wp-content\/uploads\/2025\/05\/yiuoui.png 1568w\" sizes=\"auto, (max-width: 300px) 100vw, 300px\" \/>En la avenida R\u00edo Toachi y calle Francisco de Orellana hay unas edificaciones en ruinas que est\u00e1n generando preocupaci\u00f3n a quienes transitan por el lugar. Estas infraestructuras est\u00e1n ubicadas en un predio que no est\u00e1 con su debido cerramiento, lo que facilita que personas malintencionadas se refugien en el sitio\u00a0<\/span>\n<p><span style=\"font-weight: 400;\">El espacio genera inseguridad, m\u00e1s en horas de la noche porque la zona es desolada. En el d\u00eda en cambio, el lugar es muy transitado tanto por personas adultas como por menores de edad. <img loading=\"lazy\" decoding=\"async\" class=\"size-medium wp-image-19687 alignright\" src=\"https:\/\/zaracaytv.com\/wp-content\/uploads\/2025\/05\/sfger-300x151.png\" alt=\"\" width=\"300\" height=\"151\" loading=\"lazy\" srcset=\"https:\/\/zaracaytv.com\/wp-content\/uploads\/2025\/05\/sfger-300x151.png 300w, https:\/\/zaracaytv.com\/wp-content\/uploads\/2025\/05\/sfger-1024x516.png 1024w, https:\/\/zaracaytv.com\/wp-content\/uploads\/2025\/05\/sfger-768x387.png 768w, https:\/\/zaracaytv.com\/wp-content\/uploads\/2025\/05\/sfger-1536x774.png 1536w, https:\/\/zaracaytv.com\/wp-content\/uploads\/2025\/05\/sfger-570x287.png 570w, https:\/\/zaracaytv.com\/wp-content\/uploads\/2025\/05\/sfger-270x136.png 270w, https:\/\/zaracaytv.com\/wp-content\/uploads\/2025\/05\/sfger.png 1629w\" sizes=\"auto, (max-width: 300px) 100vw, 300px\" \/><\/span><\/p>\n<p><span style=\"font-weight: 400;\">Los ciudadanos piden m\u00e1s control a las autoridades municipales, ya que ellos podr\u00edan aplicar la normativa que obliga a las personas a mantener en buen estado sus predios.\u00a0<\/span><\/p>\n<p><span style=\"font-weight: 400;\">Esta novedad\u00a0 fue reportada meses atr\u00e1s y hasta el momento no se han visto mayores avances. Aunque se evidencia que la maleza luce marchita y amarillenta.\u00a0<\/span><\/p>\n<\/body>","protected":false},"excerpt":{"rendered":"<p>En la avenida R\u00edo Toachi y calle Francisco de Orellana hay unas edificaciones en ruinas que est\u00e1n generando preocupaci\u00f3n a quienes transitan por el lugar. Estas infraestructuras est\u00e1n ubicadas en un predio que no est\u00e1 con su debido cerramiento, lo que facilita que personas malintencionadas se refugien en el sitio\u00a0 El espacio genera inseguridad, m\u00e1s [&hellip;]<\/p>\n","protected":false},"author":4,"featured_media":19686,"comment_status":"closed","ping_status":"closed","sticky":false,"template":"","format":"standard","meta":{"om_disable_all_campaigns":false,"_joinchat":[],"footnotes":""},"categories":[25],"tags":[],"class_list":["post-19685","post","type-post","status-publish","format-standard","has-post-thumbnail","hentry","category-la-comunidad"],"_links":{"self":[{"href":"https:\/\/zaracaytv.com\/index.php?rest_route=\/wp\/v2\/posts\/19685","targetHints":{"allow":["GET"]}}],"collection":[{"href":"https:\/\/zaracaytv.com\/index.php?rest_route=\/wp\/v2\/posts"}],"about":[{"href":"https:\/\/zaracaytv.com\/index.php?rest_route=\/wp\/v2\/types\/post"}],"author":[{"embeddable":true,"href":"https:\/\/zaracaytv.com\/index.php?rest_route=\/wp\/v2\/users\/4"}],"replies":[{"embeddable":true,"href":"https:\/\/zaracaytv.com\/index.php?rest_route=%2Fwp%2Fv2%2Fcomments&post=19685"}],"version-history":[{"count":1,"href":"https:\/\/zaracaytv.com\/index.php?rest_route=\/wp\/v2\/posts\/19685\/revisions"}],"predecessor-version":[{"id":19688,"href":"https:\/\/zaracaytv.com\/index.php?rest_route=\/wp\/v2\/posts\/19685\/revisions\/19688"}],"wp:featuredmedia":[{"embeddable":true,"href":"https:\/\/zaracaytv.com\/index.php?rest_route=\/wp\/v2\/media\/19686"}],"wp:attachment":[{"href":"https:\/\/zaracaytv.com\/index.php?rest_route=%2Fwp%2Fv2%2Fmedia&parent=19685"}],"wp:term":[{"taxonomy":"category","embeddable":true,"href":"https:\/\/zaracaytv.com\/index.php?rest_route=%2Fwp%2Fv2%2Fcategories&post=19685"},{"taxonomy":"post_tag","embeddable":true,"href":"https:\/\/zaracaytv.com\/index.php?rest_route=%2Fwp%2Fv2%2Ftags&post=19685"}],"curies":[{"name":"wp","href":"https:\/\/api.w.org\/{rel}","templated":true}]}}