{"id":19682,"date":"2025-05-01T18:33:21","date_gmt":"2025-05-01T23:33:21","guid":{"rendered":"https:\/\/zaracaytv.com\/?p=19682"},"modified":"2025-05-01T18:37:33","modified_gmt":"2025-05-01T23:37:33","slug":"no-se-reporta-mayor-afluencia-de-usuarios-en-la-terminal-terrestre-de-santo-domingo","status":"publish","type":"post","link":"https:\/\/zaracaytv.com\/?p=19682","title":{"rendered":"NO SE REPORTA MAYOR AFLUENCIA DE USUARIOS EN LA TERMINAL TERRESTRE DE SANTO DOMINGO"},"content":{"rendered":"<body><p><\/p><img loading=\"lazy\" decoding=\"async\" class=\"size-medium wp-image-19683 alignleft\" src=\"https:\/\/zaracaytv.com\/wp-content\/uploads\/2025\/05\/etyht-300x161.png\" alt=\"\" width=\"300\" height=\"161\" loading=\"lazy\" srcset=\"https:\/\/zaracaytv.com\/wp-content\/uploads\/2025\/05\/etyht-300x161.png 300w, https:\/\/zaracaytv.com\/wp-content\/uploads\/2025\/05\/etyht-1024x550.png 1024w, https:\/\/zaracaytv.com\/wp-content\/uploads\/2025\/05\/etyht-768x413.png 768w, https:\/\/zaracaytv.com\/wp-content\/uploads\/2025\/05\/etyht-1536x825.png 1536w, https:\/\/zaracaytv.com\/wp-content\/uploads\/2025\/05\/etyht-570x306.png 570w, https:\/\/zaracaytv.com\/wp-content\/uploads\/2025\/05\/etyht-270x145.png 270w, https:\/\/zaracaytv.com\/wp-content\/uploads\/2025\/05\/etyht.png 1593w\" sizes=\"auto, (max-width: 300px) 100vw, 300px\" \/>17 mil usuarios espera recibir la terminal\u00a0 terrestre de Santo Domingo por d\u00eda, en este feriado. Actualmente la afluencia de personas se mantiene normal y las 900 frecuencias que hacen carga y descarga de pasajeros en el sitio se encuentran operativas al 100%. Carlos Rivadeneira, subdirector del lugar, manifest\u00f3 que los turistas est\u00e1n viajando m\u00e1s hacia la regi\u00f3n Sierra del pa\u00eds y se espera que para el s\u00e1bado la incidencia sea para la Costa.\n<p>Tambi\u00e9n se\u00f1al\u00f3 que por seguridad de los usuarios se colocaron barreras en las boleter\u00edas, las cuales han dado buenos resultados, acot\u00f3.<\/p>\n<p>Desde ya los usuarios est\u00e1n saliendo y llegando al cant\u00f3n, como es el caso de Max Ruiz, quien arrib\u00f3 desde el Puyo para presentarse con su banda art\u00edstica. \u00c9l se\u00f1al\u00f3 que no se presentaron novedades en su viaje ni en la terminal.<\/p>\n<p>Los conductores de las cooperativas de buses interprovinciales como Washington Uriarte explican que viajar por los ejes viales del pa\u00eds ahora es m\u00e1s seguro y los usuarios se trasladan con tranquilidad a diferencia de a\u00f1os anteriores donde la inseguridad era un problema. Esto tambi\u00e9n fue asegurado por Hern\u00e1n Capelo, quien sal\u00eda del cant\u00f3n.<\/p>\n<p>Desde la terminal terrestre de Santo Domingo se inform\u00f3 a los usuarios fijarse en la parte superior de las ventanillas en las cuales se notificar\u00e1 con la palabra extra si existen m\u00e1s frecuencias de las normales, esto para evitar conflictos por la subida de precios en los boletos. En caso de decir ordinaria y se cobre un valor agregado, los ciudadanos podr\u00e1n denunciar el abuso en el \u00e1rea de supervisi\u00f3n para que su dinero sea devuelto.<\/p>\n<p>\u00a0<\/p>\n<\/body>","protected":false},"excerpt":{"rendered":"<p>17 mil usuarios espera recibir la terminal\u00a0 terrestre de Santo Domingo por d\u00eda, en este feriado. Actualmente la afluencia de personas se mantiene normal y las 900 frecuencias que hacen carga y descarga de pasajeros en el sitio se encuentran operativas al 100%. Carlos Rivadeneira, subdirector del lugar, manifest\u00f3 que los turistas est\u00e1n viajando m\u00e1s [&hellip;]<\/p>\n","protected":false},"author":4,"featured_media":19683,"comment_status":"closed","ping_status":"closed","sticky":false,"template":"","format":"standard","meta":{"om_disable_all_campaigns":false,"_joinchat":[],"footnotes":""},"categories":[31],"tags":[],"class_list":["post-19682","post","type-post","status-publish","format-standard","has-post-thumbnail","hentry","category-la-region"],"_links":{"self":[{"href":"https:\/\/zaracaytv.com\/index.php?rest_route=\/wp\/v2\/posts\/19682","targetHints":{"allow":["GET"]}}],"collection":[{"href":"https:\/\/zaracaytv.com\/index.php?rest_route=\/wp\/v2\/posts"}],"about":[{"href":"https:\/\/zaracaytv.com\/index.php?rest_route=\/wp\/v2\/types\/post"}],"author":[{"embeddable":true,"href":"https:\/\/zaracaytv.com\/index.php?rest_route=\/wp\/v2\/users\/4"}],"replies":[{"embeddable":true,"href":"https:\/\/zaracaytv.com\/index.php?rest_route=%2Fwp%2Fv2%2Fcomments&post=19682"}],"version-history":[{"count":1,"href":"https:\/\/zaracaytv.com\/index.php?rest_route=\/wp\/v2\/posts\/19682\/revisions"}],"predecessor-version":[{"id":19684,"href":"https:\/\/zaracaytv.com\/index.php?rest_route=\/wp\/v2\/posts\/19682\/revisions\/19684"}],"wp:featuredmedia":[{"embeddable":true,"href":"https:\/\/zaracaytv.com\/index.php?rest_route=\/wp\/v2\/media\/19683"}],"wp:attachment":[{"href":"https:\/\/zaracaytv.com\/index.php?rest_route=%2Fwp%2Fv2%2Fmedia&parent=19682"}],"wp:term":[{"taxonomy":"category","embeddable":true,"href":"https:\/\/zaracaytv.com\/index.php?rest_route=%2Fwp%2Fv2%2Fcategories&post=19682"},{"taxonomy":"post_tag","embeddable":true,"href":"https:\/\/zaracaytv.com\/index.php?rest_route=%2Fwp%2Fv2%2Ftags&post=19682"}],"curies":[{"name":"wp","href":"https:\/\/api.w.org\/{rel}","templated":true}]}}