{"id":19678,"date":"2025-05-01T18:17:05","date_gmt":"2025-05-01T23:17:05","guid":{"rendered":"https:\/\/zaracaytv.com\/?p=19678"},"modified":"2025-05-01T18:17:05","modified_gmt":"2025-05-01T23:17:05","slug":"la-marcha-por-el-dia-del-trabajador-ocupo-las-principales-avenidas-de-santo-domingo","status":"publish","type":"post","link":"https:\/\/zaracaytv.com\/?p=19678","title":{"rendered":"LA MARCHA POR EL D\u00cdA DEL TRABAJADOR OCUP\u00d3 LAS PRINCIPALES AVENIDAS DE SANTO DOMINGO"},"content":{"rendered":"<body><p><\/p>Las jornadas de manifestaciones por el d\u00eda del trabajador empezaron a las 8 de la ma\u00f1ana en Santo Domingo. Una marcha\u00a0 encabezada por los comerciantes aut\u00f3nomos asociados a la Federaci\u00f3n 3 de Julio y otros gremios, inici\u00f3 desde el C\u00edrculo de los Continentes, baj\u00f3 por la avenida Quito, avanz\u00f3 por la avenida 29 de Mayo para tomar la calle San Miguel, y subir nuevamente por la avenida Quito hasta llegar al palacio municipal.\n<p>Los sindicatos de trabaja<img loading=\"lazy\" decoding=\"async\" class=\"size-medium wp-image-19679 alignleft\" src=\"https:\/\/zaracaytv.com\/wp-content\/uploads\/2025\/05\/FGHJY-300x169.png\" alt=\"\" width=\"300\" height=\"169\" loading=\"lazy\" srcset=\"https:\/\/zaracaytv.com\/wp-content\/uploads\/2025\/05\/FGHJY-300x169.png 300w, https:\/\/zaracaytv.com\/wp-content\/uploads\/2025\/05\/FGHJY-1024x575.png 1024w, https:\/\/zaracaytv.com\/wp-content\/uploads\/2025\/05\/FGHJY-768x431.png 768w, https:\/\/zaracaytv.com\/wp-content\/uploads\/2025\/05\/FGHJY-1536x863.png 1536w, https:\/\/zaracaytv.com\/wp-content\/uploads\/2025\/05\/FGHJY-570x320.png 570w, https:\/\/zaracaytv.com\/wp-content\/uploads\/2025\/05\/FGHJY-270x152.png 270w, https:\/\/zaracaytv.com\/wp-content\/uploads\/2025\/05\/FGHJY.png 1627w\" sizes=\"auto, (max-width: 300px) 100vw, 300px\" \/>dores tambi\u00e9n participaron de esta manifestaci\u00f3n y dejaron claro que no van a permitir que se pretenda eliminar la jubilaci\u00f3n patronal.<\/p>\n<p>A la marcha se citaron varias mujeres, la mayor\u00eda de ellas son cabeza de hogar. Piden m\u00e1s fuentes de empleo. Tambi\u00e9n participaron autoridades.<\/p>\n<p>Pasado el mediod\u00eda tambi\u00e9n se movilizaron para<img loading=\"lazy\" decoding=\"async\" class=\"size-medium wp-image-19680 alignright\" src=\"https:\/\/zaracaytv.com\/wp-content\/uploads\/2025\/05\/THRTY8U8OU-300x160.png\" alt=\"\" width=\"300\" height=\"160\" loading=\"lazy\" srcset=\"https:\/\/zaracaytv.com\/wp-content\/uploads\/2025\/05\/THRTY8U8OU-300x160.png 300w, https:\/\/zaracaytv.com\/wp-content\/uploads\/2025\/05\/THRTY8U8OU-1024x545.png 1024w, https:\/\/zaracaytv.com\/wp-content\/uploads\/2025\/05\/THRTY8U8OU-768x409.png 768w, https:\/\/zaracaytv.com\/wp-content\/uploads\/2025\/05\/THRTY8U8OU-1536x818.png 1536w, https:\/\/zaracaytv.com\/wp-content\/uploads\/2025\/05\/THRTY8U8OU-570x303.png 570w, https:\/\/zaracaytv.com\/wp-content\/uploads\/2025\/05\/THRTY8U8OU-270x144.png 270w, https:\/\/zaracaytv.com\/wp-content\/uploads\/2025\/05\/THRTY8U8OU.png 1657w\" sizes=\"auto, (max-width: 300px) 100vw, 300px\" \/> recalcar la vigencia de los derechos de los trabajadores. Llegaron hasta el parque Jelen Tenka donde escucharon a sus dirigentes.<\/p>\n<p>De esta manera se conmemoran 139 a\u00f1os de conquista de mejores condiciones laborales.\u00a0 Todo empez\u00f3 en 1886 cuando se desarrollaron decenas de protestas del sector obrero en la ciudad de Chicago, Estados Unidos. Los empresarios no aceptaron las demandas, lo que deriv\u00f3 en una huelga masiva de m\u00e1s de 5000 personas el 1 de mayo de ese a\u00f1o. La polic\u00eda los reprimi\u00f3 lo que provoc\u00f3 decenas de muertos y heridos, pero al final lograron establecer las 8 horas laborales que hoy siguen vigentes.<\/p>\n<\/body>","protected":false},"excerpt":{"rendered":"<p>Las jornadas de manifestaciones por el d\u00eda del trabajador empezaron a las 8 de la ma\u00f1ana en Santo Domingo. Una marcha\u00a0 encabezada por los comerciantes aut\u00f3nomos asociados a la Federaci\u00f3n 3 de Julio y otros gremios, inici\u00f3 desde el C\u00edrculo de los Continentes, baj\u00f3 por la avenida Quito, avanz\u00f3 por la avenida 29 de Mayo [&hellip;]<\/p>\n","protected":false},"author":4,"featured_media":19679,"comment_status":"closed","ping_status":"closed","sticky":false,"template":"","format":"standard","meta":{"om_disable_all_campaigns":false,"_joinchat":[],"footnotes":""},"categories":[31],"tags":[],"class_list":["post-19678","post","type-post","status-publish","format-standard","has-post-thumbnail","hentry","category-la-region"],"_links":{"self":[{"href":"https:\/\/zaracaytv.com\/index.php?rest_route=\/wp\/v2\/posts\/19678","targetHints":{"allow":["GET"]}}],"collection":[{"href":"https:\/\/zaracaytv.com\/index.php?rest_route=\/wp\/v2\/posts"}],"about":[{"href":"https:\/\/zaracaytv.com\/index.php?rest_route=\/wp\/v2\/types\/post"}],"author":[{"embeddable":true,"href":"https:\/\/zaracaytv.com\/index.php?rest_route=\/wp\/v2\/users\/4"}],"replies":[{"embeddable":true,"href":"https:\/\/zaracaytv.com\/index.php?rest_route=%2Fwp%2Fv2%2Fcomments&post=19678"}],"version-history":[{"count":1,"href":"https:\/\/zaracaytv.com\/index.php?rest_route=\/wp\/v2\/posts\/19678\/revisions"}],"predecessor-version":[{"id":19681,"href":"https:\/\/zaracaytv.com\/index.php?rest_route=\/wp\/v2\/posts\/19678\/revisions\/19681"}],"wp:featuredmedia":[{"embeddable":true,"href":"https:\/\/zaracaytv.com\/index.php?rest_route=\/wp\/v2\/media\/19679"}],"wp:attachment":[{"href":"https:\/\/zaracaytv.com\/index.php?rest_route=%2Fwp%2Fv2%2Fmedia&parent=19678"}],"wp:term":[{"taxonomy":"category","embeddable":true,"href":"https:\/\/zaracaytv.com\/index.php?rest_route=%2Fwp%2Fv2%2Fcategories&post=19678"},{"taxonomy":"post_tag","embeddable":true,"href":"https:\/\/zaracaytv.com\/index.php?rest_route=%2Fwp%2Fv2%2Ftags&post=19678"}],"curies":[{"name":"wp","href":"https:\/\/api.w.org\/{rel}","templated":true}]}}