{"id":19663,"date":"2025-05-01T11:37:41","date_gmt":"2025-05-01T16:37:41","guid":{"rendered":"https:\/\/zaracaytv.com\/?p=19663"},"modified":"2025-05-01T11:37:41","modified_gmt":"2025-05-01T16:37:41","slug":"el-28-de-junio-se-correra-en-santo-domingo-el-tenka-run-8k","status":"publish","type":"post","link":"https:\/\/zaracaytv.com\/?p=19663","title":{"rendered":"EL 28 DE JUNIO SE CORRER\u00c1 EN SANTO DOMINGO EL TENKA RUN 8K"},"content":{"rendered":"<body><p>El 28 de junio se correr\u00e1 en Santo Domingo el Tenka Run 8K, ya est\u00e1n inscritos 2000 atletas seg\u00fan los organizadores. Esta actividad formar\u00e1 parte de la agenda para conmemorar los 58 a\u00f1os de cantonizaci\u00f3n de Santo Domingo.<\/p>\n<p>\u00a0<\/p>\n<p><iframe title=\"DEPORTES - EL 28 DE JUNIO SE CORRER\u00c1 EN SANTO DOMINGO EL TENKA RUN 8K\" width=\"800\" height=\"450\" src=\"https:\/\/www.youtube.com\/embed\/XJ0tK9UHKcw?feature=oembed\" frameborder=\"0\" allow=\"accelerometer; autoplay; clipboard-write; encrypted-media; gyroscope; picture-in-picture; web-share\" referrerpolicy=\"strict-origin-when-cross-origin\" allowfullscreen><\/iframe><\/p>\n<\/body>","protected":false},"excerpt":{"rendered":"<p>El 28 de junio se correr\u00e1 en Santo Domingo el Tenka Run 8K, ya est\u00e1n inscritos 2000 atletas seg\u00fan los organizadores. Esta actividad formar\u00e1 parte de la agenda para conmemorar los 58 a\u00f1os de cantonizaci\u00f3n de Santo Domingo. \u00a0<\/p>\n","protected":false},"author":4,"featured_media":19670,"comment_status":"closed","ping_status":"closed","sticky":false,"template":"","format":"standard","meta":{"om_disable_all_campaigns":false,"_joinchat":[],"footnotes":""},"categories":[32],"tags":[],"class_list":["post-19663","post","type-post","status-publish","format-standard","has-post-thumbnail","hentry","category-deportes"],"_links":{"self":[{"href":"https:\/\/zaracaytv.com\/index.php?rest_route=\/wp\/v2\/posts\/19663","targetHints":{"allow":["GET"]}}],"collection":[{"href":"https:\/\/zaracaytv.com\/index.php?rest_route=\/wp\/v2\/posts"}],"about":[{"href":"https:\/\/zaracaytv.com\/index.php?rest_route=\/wp\/v2\/types\/post"}],"author":[{"embeddable":true,"href":"https:\/\/zaracaytv.com\/index.php?rest_route=\/wp\/v2\/users\/4"}],"replies":[{"embeddable":true,"href":"https:\/\/zaracaytv.com\/index.php?rest_route=%2Fwp%2Fv2%2Fcomments&post=19663"}],"version-history":[{"count":1,"href":"https:\/\/zaracaytv.com\/index.php?rest_route=\/wp\/v2\/posts\/19663\/revisions"}],"predecessor-version":[{"id":19671,"href":"https:\/\/zaracaytv.com\/index.php?rest_route=\/wp\/v2\/posts\/19663\/revisions\/19671"}],"wp:featuredmedia":[{"embeddable":true,"href":"https:\/\/zaracaytv.com\/index.php?rest_route=\/wp\/v2\/media\/19670"}],"wp:attachment":[{"href":"https:\/\/zaracaytv.com\/index.php?rest_route=%2Fwp%2Fv2%2Fmedia&parent=19663"}],"wp:term":[{"taxonomy":"category","embeddable":true,"href":"https:\/\/zaracaytv.com\/index.php?rest_route=%2Fwp%2Fv2%2Fcategories&post=19663"},{"taxonomy":"post_tag","embeddable":true,"href":"https:\/\/zaracaytv.com\/index.php?rest_route=%2Fwp%2Fv2%2Ftags&post=19663"}],"curies":[{"name":"wp","href":"https:\/\/api.w.org\/{rel}","templated":true}]}}