{"id":19659,"date":"2025-05-01T10:43:25","date_gmt":"2025-05-01T15:43:25","guid":{"rendered":"https:\/\/zaracaytv.com\/?p=19659"},"modified":"2025-05-01T11:34:42","modified_gmt":"2025-05-01T16:34:42","slug":"la-policia-detuvo-a-5-personas-en-santo-domingo-por-actos-delictivos-en-ejes-viales","status":"publish","type":"post","link":"https:\/\/zaracaytv.com\/?p=19659","title":{"rendered":"LA POLIC\u00cdA DETUVO A 5 PERSONAS EN SANTO DOMINGO POR ACTOS DELICTIVOS EN EJES VIALES"},"content":{"rendered":"<body><p><\/p><img loading=\"lazy\" decoding=\"async\" class=\"size-medium wp-image-19660 alignleft\" src=\"https:\/\/zaracaytv.com\/wp-content\/uploads\/2025\/05\/ftrt-300x162.png\" alt=\"\" width=\"300\" height=\"162\" loading=\"lazy\" srcset=\"https:\/\/zaracaytv.com\/wp-content\/uploads\/2025\/05\/ftrt-300x162.png 300w, https:\/\/zaracaytv.com\/wp-content\/uploads\/2025\/05\/ftrt-1024x554.png 1024w, https:\/\/zaracaytv.com\/wp-content\/uploads\/2025\/05\/ftrt-768x416.png 768w, https:\/\/zaracaytv.com\/wp-content\/uploads\/2025\/05\/ftrt-1536x831.png 1536w, https:\/\/zaracaytv.com\/wp-content\/uploads\/2025\/05\/ftrt-570x309.png 570w, https:\/\/zaracaytv.com\/wp-content\/uploads\/2025\/05\/ftrt-270x146.png 270w, https:\/\/zaracaytv.com\/wp-content\/uploads\/2025\/05\/ftrt.png 1646w\" sizes=\"auto, (max-width: 300px) 100vw, 300px\" \/>5 presuntos integrantes de la banda delictiva Los Lobos fueron detenidos por la polic\u00eda en Santo Domingo de los Ts\u00e1chilas. Se realizaron varios allanamientos en sectores como Santa Martha, El Cooperativismo y Palo Quemado. Beatriz Benavides, comandante de la subzona, explic\u00f3 que esta fracci\u00f3n operaba en los ejes viales de la provincia como el bypass Quito \u2013 Quevedo, donde asaltaban a camiones y carros particulares, adem\u00e1s secuestraban y extorsionaban a sus ocupantes.\n<p>La uniformada acot\u00f3 que los detenidos tienen antecedentes penales por varios delitos. Adem\u00e1s, enfatiz\u00f3 que durante los allanamientos se logr\u00f3 la recuperaci\u00f3n de 5 veh\u00edculos. <img loading=\"lazy\" decoding=\"async\" class=\"size-medium wp-image-19661 alignright\" src=\"https:\/\/zaracaytv.com\/wp-content\/uploads\/2025\/05\/fhtdf-300x192.png\" alt=\"\" width=\"300\" height=\"192\" loading=\"lazy\" srcset=\"https:\/\/zaracaytv.com\/wp-content\/uploads\/2025\/05\/fhtdf-300x192.png 300w, https:\/\/zaracaytv.com\/wp-content\/uploads\/2025\/05\/fhtdf-1024x656.png 1024w, https:\/\/zaracaytv.com\/wp-content\/uploads\/2025\/05\/fhtdf-768x492.png 768w, https:\/\/zaracaytv.com\/wp-content\/uploads\/2025\/05\/fhtdf-515x330.png 515w, https:\/\/zaracaytv.com\/wp-content\/uploads\/2025\/05\/fhtdf-270x173.png 270w, https:\/\/zaracaytv.com\/wp-content\/uploads\/2025\/05\/fhtdf.png 1423w\" sizes=\"auto, (max-width: 300px) 100vw, 300px\" \/><\/p>\n<p>El megaoperativo f\u00e9nix, como se lo denomin\u00f3, permiti\u00f3 dar con los lugares donde se desmantelaban estos veh\u00edculos robados. La investigaci\u00f3n se extendi\u00f3 a otras ciudades como Quevedo, Quito, Latacunga y tuvo una duraci\u00f3n de 3 meses, se\u00f1al\u00f3 Edmundo Egas, jefe de la Unidad Nacional de Investigaci\u00f3n de Delitos Contra la Propiedad.<\/p>\n<p>Desde la polic\u00eda se inform\u00f3 que el robo de veh\u00edculos se ha convertido en uno de los delitos con mayor incidencia en la provincia en estos \u00faltimos meses.<\/p>\n<p>\u00a0<\/p>\n<p><iframe title=\"LA CIUDAD \u2013 LA POLIC\u00cdA DETUVO A 5 PERSONAS EN SANTO DOMINGO POR ACTOS DELICTIVOS EN EJES VIALES\" width=\"800\" height=\"450\" src=\"https:\/\/www.youtube.com\/embed\/LT-dE16k5QI?feature=oembed\" frameborder=\"0\" allow=\"accelerometer; autoplay; clipboard-write; encrypted-media; gyroscope; picture-in-picture; web-share\" referrerpolicy=\"strict-origin-when-cross-origin\" allowfullscreen><\/iframe><\/p>\n<\/body>","protected":false},"excerpt":{"rendered":"<p>5 presuntos integrantes de la banda delictiva Los Lobos fueron detenidos por la polic\u00eda en Santo Domingo de los Ts\u00e1chilas. Se realizaron varios allanamientos en sectores como Santa Martha, El Cooperativismo y Palo Quemado. Beatriz Benavides, comandante de la subzona, explic\u00f3 que esta fracci\u00f3n operaba en los ejes viales de la provincia como el bypass [&hellip;]<\/p>\n","protected":false},"author":4,"featured_media":19660,"comment_status":"closed","ping_status":"closed","sticky":false,"template":"","format":"standard","meta":{"om_disable_all_campaigns":false,"_joinchat":[],"footnotes":""},"categories":[48],"tags":[],"class_list":["post-19659","post","type-post","status-publish","format-standard","has-post-thumbnail","hentry","category-cronica-roja"],"_links":{"self":[{"href":"https:\/\/zaracaytv.com\/index.php?rest_route=\/wp\/v2\/posts\/19659","targetHints":{"allow":["GET"]}}],"collection":[{"href":"https:\/\/zaracaytv.com\/index.php?rest_route=\/wp\/v2\/posts"}],"about":[{"href":"https:\/\/zaracaytv.com\/index.php?rest_route=\/wp\/v2\/types\/post"}],"author":[{"embeddable":true,"href":"https:\/\/zaracaytv.com\/index.php?rest_route=\/wp\/v2\/users\/4"}],"replies":[{"embeddable":true,"href":"https:\/\/zaracaytv.com\/index.php?rest_route=%2Fwp%2Fv2%2Fcomments&post=19659"}],"version-history":[{"count":3,"href":"https:\/\/zaracaytv.com\/index.php?rest_route=\/wp\/v2\/posts\/19659\/revisions"}],"predecessor-version":[{"id":19669,"href":"https:\/\/zaracaytv.com\/index.php?rest_route=\/wp\/v2\/posts\/19659\/revisions\/19669"}],"wp:featuredmedia":[{"embeddable":true,"href":"https:\/\/zaracaytv.com\/index.php?rest_route=\/wp\/v2\/media\/19660"}],"wp:attachment":[{"href":"https:\/\/zaracaytv.com\/index.php?rest_route=%2Fwp%2Fv2%2Fmedia&parent=19659"}],"wp:term":[{"taxonomy":"category","embeddable":true,"href":"https:\/\/zaracaytv.com\/index.php?rest_route=%2Fwp%2Fv2%2Fcategories&post=19659"},{"taxonomy":"post_tag","embeddable":true,"href":"https:\/\/zaracaytv.com\/index.php?rest_route=%2Fwp%2Fv2%2Ftags&post=19659"}],"curies":[{"name":"wp","href":"https:\/\/api.w.org\/{rel}","templated":true}]}}