{"id":19655,"date":"2025-05-01T10:40:20","date_gmt":"2025-05-01T15:40:20","guid":{"rendered":"https:\/\/zaracaytv.com\/?p=19655"},"modified":"2025-05-01T11:40:02","modified_gmt":"2025-05-01T16:40:02","slug":"en-el-instituto-tsachila-se-desarrollo-el-concurso-gastronomico-huecas-del-ecuador","status":"publish","type":"post","link":"https:\/\/zaracaytv.com\/?p=19655","title":{"rendered":"EN EL INSTITUTO TS\u00c1CHILA SE DESARROLL\u00d3 EL CONCURSO GASTRON\u00d3MICO \u201cHUECAS DEL ECUADOR\u201d"},"content":{"rendered":"<body><p><\/p><img loading=\"lazy\" decoding=\"async\" class=\"size-medium wp-image-19657 alignleft\" src=\"https:\/\/zaracaytv.com\/wp-content\/uploads\/2025\/05\/hjoyui-300x159.png\" alt=\"\" width=\"300\" height=\"159\" loading=\"lazy\" srcset=\"https:\/\/zaracaytv.com\/wp-content\/uploads\/2025\/05\/hjoyui-300x159.png 300w, https:\/\/zaracaytv.com\/wp-content\/uploads\/2025\/05\/hjoyui-1024x543.png 1024w, https:\/\/zaracaytv.com\/wp-content\/uploads\/2025\/05\/hjoyui-768x407.png 768w, https:\/\/zaracaytv.com\/wp-content\/uploads\/2025\/05\/hjoyui-1536x814.png 1536w, https:\/\/zaracaytv.com\/wp-content\/uploads\/2025\/05\/hjoyui-570x302.png 570w, https:\/\/zaracaytv.com\/wp-content\/uploads\/2025\/05\/hjoyui-270x143.png 270w, https:\/\/zaracaytv.com\/wp-content\/uploads\/2025\/05\/hjoyui.png 1651w\" sizes=\"auto, (max-width: 300px) 100vw, 300px\" \/>Este mi\u00e9rcoles 30 de abril en el Instituto Tecnol\u00f3gico Superior Ts\u00e1chila se desarroll\u00f3 el primer Concurso Interno Gastron\u00f3mico llamado Huecas del Ecuador, con la participaci\u00f3n de 5 grupos de 2 personas de los niveles de segundo, tercero y cuarto nivel de la carrera.\n<p>Los participantes ten\u00edan que preparar tres platos: el de entrada, el plato fuerte y el postre en un tiempo de aproximadamente 60 minutos. Los platillos deb\u00edan ser mostrados al jurado calificador.<\/p>\n<p>El jurado calificador estuvo conformado por chef de escuel<img loading=\"lazy\" decoding=\"async\" class=\"size-medium wp-image-19656 alignright\" src=\"https:\/\/zaracaytv.com\/wp-content\/uploads\/2025\/05\/uyoyu-300x158.png\" alt=\"\" width=\"300\" height=\"158\" loading=\"lazy\" srcset=\"https:\/\/zaracaytv.com\/wp-content\/uploads\/2025\/05\/uyoyu-300x158.png 300w, https:\/\/zaracaytv.com\/wp-content\/uploads\/2025\/05\/uyoyu-1024x540.png 1024w, https:\/\/zaracaytv.com\/wp-content\/uploads\/2025\/05\/uyoyu-768x405.png 768w, https:\/\/zaracaytv.com\/wp-content\/uploads\/2025\/05\/uyoyu-1536x810.png 1536w, https:\/\/zaracaytv.com\/wp-content\/uploads\/2025\/05\/uyoyu-570x301.png 570w, https:\/\/zaracaytv.com\/wp-content\/uploads\/2025\/05\/uyoyu-270x142.png 270w, https:\/\/zaracaytv.com\/wp-content\/uploads\/2025\/05\/uyoyu.png 1627w\" sizes=\"auto, (max-width: 300px) 100vw, 300px\" \/>as culinarias de Santo Domingo. Ante esta presi\u00f3n, los estudiantes deb\u00edan mostrar sus habilidades y conocimientos aprendidos.<\/p>\n<p>De esta competencia saldr\u00e1 el ganador para que participe en una edici\u00f3n nacional en Quito en el mes de agosto llamada Las Huecas del Ecuador.<\/p>\n<p>\u00a0<\/p>\n<p><iframe title=\"LA CIUDAD \u2013 EN EL INSTITUTO TS\u00c1CHILA SE DESARROLL\u00d3 EL CONCURSO GASTRON\u00d3MICO \u201cHUECAS DEL ECUADOR\u201d\" width=\"800\" height=\"450\" src=\"https:\/\/www.youtube.com\/embed\/jtxV3uNNSrE?feature=oembed\" frameborder=\"0\" allow=\"accelerometer; autoplay; clipboard-write; encrypted-media; gyroscope; picture-in-picture; web-share\" referrerpolicy=\"strict-origin-when-cross-origin\" allowfullscreen><\/iframe><\/p>\n<\/body>","protected":false},"excerpt":{"rendered":"<p>Este mi\u00e9rcoles 30 de abril en el Instituto Tecnol\u00f3gico Superior Ts\u00e1chila se desarroll\u00f3 el primer Concurso Interno Gastron\u00f3mico llamado Huecas del Ecuador, con la participaci\u00f3n de 5 grupos de 2 personas de los niveles de segundo, tercero y cuarto nivel de la carrera. Los participantes ten\u00edan que preparar tres platos: el de entrada, el plato [&hellip;]<\/p>\n","protected":false},"author":4,"featured_media":19656,"comment_status":"closed","ping_status":"closed","sticky":false,"template":"","format":"standard","meta":{"om_disable_all_campaigns":false,"_joinchat":[],"footnotes":""},"categories":[31],"tags":[],"class_list":["post-19655","post","type-post","status-publish","format-standard","has-post-thumbnail","hentry","category-la-region"],"_links":{"self":[{"href":"https:\/\/zaracaytv.com\/index.php?rest_route=\/wp\/v2\/posts\/19655","targetHints":{"allow":["GET"]}}],"collection":[{"href":"https:\/\/zaracaytv.com\/index.php?rest_route=\/wp\/v2\/posts"}],"about":[{"href":"https:\/\/zaracaytv.com\/index.php?rest_route=\/wp\/v2\/types\/post"}],"author":[{"embeddable":true,"href":"https:\/\/zaracaytv.com\/index.php?rest_route=\/wp\/v2\/users\/4"}],"replies":[{"embeddable":true,"href":"https:\/\/zaracaytv.com\/index.php?rest_route=%2Fwp%2Fv2%2Fcomments&post=19655"}],"version-history":[{"count":2,"href":"https:\/\/zaracaytv.com\/index.php?rest_route=\/wp\/v2\/posts\/19655\/revisions"}],"predecessor-version":[{"id":19674,"href":"https:\/\/zaracaytv.com\/index.php?rest_route=\/wp\/v2\/posts\/19655\/revisions\/19674"}],"wp:featuredmedia":[{"embeddable":true,"href":"https:\/\/zaracaytv.com\/index.php?rest_route=\/wp\/v2\/media\/19656"}],"wp:attachment":[{"href":"https:\/\/zaracaytv.com\/index.php?rest_route=%2Fwp%2Fv2%2Fmedia&parent=19655"}],"wp:term":[{"taxonomy":"category","embeddable":true,"href":"https:\/\/zaracaytv.com\/index.php?rest_route=%2Fwp%2Fv2%2Fcategories&post=19655"},{"taxonomy":"post_tag","embeddable":true,"href":"https:\/\/zaracaytv.com\/index.php?rest_route=%2Fwp%2Fv2%2Ftags&post=19655"}],"curies":[{"name":"wp","href":"https:\/\/api.w.org\/{rel}","templated":true}]}}