{"id":19650,"date":"2025-05-01T10:36:36","date_gmt":"2025-05-01T15:36:36","guid":{"rendered":"https:\/\/zaracaytv.com\/?p=19650"},"modified":"2025-05-01T11:41:34","modified_gmt":"2025-05-01T16:41:34","slug":"el-mercado-municipal-enfrenta-crisis-por-la-renuncia-de-la-directiva-y-reubicaciones","status":"publish","type":"post","link":"https:\/\/zaracaytv.com\/?p=19650","title":{"rendered":"EL MERCADO MUNICIPAL ENFRENTA CRISIS POR LA RENUNCIA DE LA DIRECTIVA Y REUBICACIONES"},"content":{"rendered":"<body><p><\/p><img loading=\"lazy\" decoding=\"async\" class=\"size-medium wp-image-19651 alignleft\" src=\"https:\/\/zaracaytv.com\/wp-content\/uploads\/2025\/05\/huk-300x163.png\" alt=\"\" width=\"300\" height=\"163\" loading=\"lazy\" srcset=\"https:\/\/zaracaytv.com\/wp-content\/uploads\/2025\/05\/huk-300x163.png 300w, https:\/\/zaracaytv.com\/wp-content\/uploads\/2025\/05\/huk-1024x558.png 1024w, https:\/\/zaracaytv.com\/wp-content\/uploads\/2025\/05\/huk-768x418.png 768w, https:\/\/zaracaytv.com\/wp-content\/uploads\/2025\/05\/huk-1536x836.png 1536w, https:\/\/zaracaytv.com\/wp-content\/uploads\/2025\/05\/huk-570x310.png 570w, https:\/\/zaracaytv.com\/wp-content\/uploads\/2025\/05\/huk-270x147.png 270w, https:\/\/zaracaytv.com\/wp-content\/uploads\/2025\/05\/huk.png 1629w\" sizes=\"auto, (max-width: 300px) 100vw, 300px\" \/>En el Mercado Central Municipal de Santo Domingo hay incertidumbre tras la renuncia de la directiva de comerciantes ante la Direcci\u00f3n de Mercados y Comercio, asegur\u00f3 el titular de esta \u00e1rea municipal, Antony Rivilla.\n<p>Esta direcci\u00f3n lleva adelante un proceso de reubicaci\u00f3n en el interior del mercado. Eso preocupa a los comerciantes. Rivilla expuso que son alrededor de 5 puestos que ser\u00e1n reorganizados. La expresidenta de esta plaza comercial, Victoria Celi, se\u00f1al\u00f3 que se deber\u00e1 dialogar cualquier intento de cambiar de puestos a los comerciantes.<\/p>\n<p>Los vendedores de productos de primera necesidad de este mercado han expuesto por varias ocasiones su inconformidad por la falta de control en los exteriores, en especial en la calle Ambato. Rivilla asegur\u00f3 que la falta de agentes de control municipal los limita para poner orden. <img loading=\"lazy\" decoding=\"async\" class=\"size-medium wp-image-19652 alignright\" src=\"https:\/\/zaracaytv.com\/wp-content\/uploads\/2025\/05\/yuyu-300x159.png\" alt=\"\" width=\"300\" height=\"159\" loading=\"lazy\" srcset=\"https:\/\/zaracaytv.com\/wp-content\/uploads\/2025\/05\/yuyu-300x159.png 300w, https:\/\/zaracaytv.com\/wp-content\/uploads\/2025\/05\/yuyu-1024x542.png 1024w, https:\/\/zaracaytv.com\/wp-content\/uploads\/2025\/05\/yuyu-768x407.png 768w, https:\/\/zaracaytv.com\/wp-content\/uploads\/2025\/05\/yuyu-1536x813.png 1536w, https:\/\/zaracaytv.com\/wp-content\/uploads\/2025\/05\/yuyu-570x302.png 570w, https:\/\/zaracaytv.com\/wp-content\/uploads\/2025\/05\/yuyu-270x143.png 270w, https:\/\/zaracaytv.com\/wp-content\/uploads\/2025\/05\/yuyu.png 1641w\" sizes=\"auto, (max-width: 300px) 100vw, 300px\" \/><\/p>\n<p>De su lado, el director de los Agentes de Control Municipal, Kl\u00e9ver Paladines, admiti\u00f3 que existe falta de personal operativo para los controles. Aproximadamente el 35% de los 135 agentes que hay en total est\u00e1 disponible. La mayor\u00eda brindan seguridad en las instalaciones y bienes p\u00fablicos municipales, que al momento no cuentan con seguridad privada.<\/p>\n<p>En cuanto a los operativos, el representante de la direcci\u00f3n de Mercados y Comercio se\u00f1al\u00f3 que 15 locales ubicados en los exteriores del mercado fueron clausurados\u00a0 la semana pasada por no cumplir con los requisitos. Adem\u00e1s, asegur\u00f3 que 10 locales vac\u00edos de los 220 puestos que hay en el mercado central ser\u00e1n utilizados por comerciantes que pueden llegar desde los exteriores.<\/p>\n<p>\u00a0<\/p>\n<p><iframe title=\"LA CIUDAD \u2013 EL MERCADO MUNICIPAL ENFRENTA CRISIS POR LA RENUNCIA DE LA DIRECTIVA Y REUBICACIONES\" width=\"800\" height=\"450\" src=\"https:\/\/www.youtube.com\/embed\/prElLiV-h58?feature=oembed\" frameborder=\"0\" allow=\"accelerometer; autoplay; clipboard-write; encrypted-media; gyroscope; picture-in-picture; web-share\" referrerpolicy=\"strict-origin-when-cross-origin\" allowfullscreen><\/iframe><\/p>\n<p>\u00a0<\/p>\n<p>\u00a0<\/p>\n<\/body>","protected":false},"excerpt":{"rendered":"<p>En el Mercado Central Municipal de Santo Domingo hay incertidumbre tras la renuncia de la directiva de comerciantes ante la Direcci\u00f3n de Mercados y Comercio, asegur\u00f3 el titular de esta \u00e1rea municipal, Antony Rivilla. Esta direcci\u00f3n lleva adelante un proceso de reubicaci\u00f3n en el interior del mercado. Eso preocupa a los comerciantes. Rivilla expuso que [&hellip;]<\/p>\n","protected":false},"author":4,"featured_media":19651,"comment_status":"closed","ping_status":"closed","sticky":false,"template":"","format":"standard","meta":{"om_disable_all_campaigns":false,"_joinchat":[],"footnotes":""},"categories":[31],"tags":[],"class_list":["post-19650","post","type-post","status-publish","format-standard","has-post-thumbnail","hentry","category-la-region"],"_links":{"self":[{"href":"https:\/\/zaracaytv.com\/index.php?rest_route=\/wp\/v2\/posts\/19650","targetHints":{"allow":["GET"]}}],"collection":[{"href":"https:\/\/zaracaytv.com\/index.php?rest_route=\/wp\/v2\/posts"}],"about":[{"href":"https:\/\/zaracaytv.com\/index.php?rest_route=\/wp\/v2\/types\/post"}],"author":[{"embeddable":true,"href":"https:\/\/zaracaytv.com\/index.php?rest_route=\/wp\/v2\/users\/4"}],"replies":[{"embeddable":true,"href":"https:\/\/zaracaytv.com\/index.php?rest_route=%2Fwp%2Fv2%2Fcomments&post=19650"}],"version-history":[{"count":4,"href":"https:\/\/zaracaytv.com\/index.php?rest_route=\/wp\/v2\/posts\/19650\/revisions"}],"predecessor-version":[{"id":19676,"href":"https:\/\/zaracaytv.com\/index.php?rest_route=\/wp\/v2\/posts\/19650\/revisions\/19676"}],"wp:featuredmedia":[{"embeddable":true,"href":"https:\/\/zaracaytv.com\/index.php?rest_route=\/wp\/v2\/media\/19651"}],"wp:attachment":[{"href":"https:\/\/zaracaytv.com\/index.php?rest_route=%2Fwp%2Fv2%2Fmedia&parent=19650"}],"wp:term":[{"taxonomy":"category","embeddable":true,"href":"https:\/\/zaracaytv.com\/index.php?rest_route=%2Fwp%2Fv2%2Fcategories&post=19650"},{"taxonomy":"post_tag","embeddable":true,"href":"https:\/\/zaracaytv.com\/index.php?rest_route=%2Fwp%2Fv2%2Ftags&post=19650"}],"curies":[{"name":"wp","href":"https:\/\/api.w.org\/{rel}","templated":true}]}}