{"id":19645,"date":"2025-05-01T10:30:05","date_gmt":"2025-05-01T15:30:05","guid":{"rendered":"https:\/\/zaracaytv.com\/?p=19645"},"modified":"2025-05-01T11:39:01","modified_gmt":"2025-05-01T16:39:01","slug":"los-comerciantes-de-la-bahia-comercial-pediran-medidas-cautelares","status":"publish","type":"post","link":"https:\/\/zaracaytv.com\/?p=19645","title":{"rendered":"LOS COMERCIANTES DE LA BAH\u00cdA COMERCIAL PEDIR\u00c1N MEDIDAS CAUTELARES"},"content":{"rendered":"<body><p><\/p><img loading=\"lazy\" decoding=\"async\" class=\"size-medium wp-image-19646 alignleft\" src=\"https:\/\/zaracaytv.com\/wp-content\/uploads\/2025\/05\/sdfgfdh-300x158.png\" alt=\"\" width=\"300\" height=\"158\" loading=\"lazy\" srcset=\"https:\/\/zaracaytv.com\/wp-content\/uploads\/2025\/05\/sdfgfdh-300x158.png 300w, https:\/\/zaracaytv.com\/wp-content\/uploads\/2025\/05\/sdfgfdh-1024x539.png 1024w, https:\/\/zaracaytv.com\/wp-content\/uploads\/2025\/05\/sdfgfdh-768x404.png 768w, https:\/\/zaracaytv.com\/wp-content\/uploads\/2025\/05\/sdfgfdh-1536x808.png 1536w, https:\/\/zaracaytv.com\/wp-content\/uploads\/2025\/05\/sdfgfdh-570x300.png 570w, https:\/\/zaracaytv.com\/wp-content\/uploads\/2025\/05\/sdfgfdh-270x142.png 270w, https:\/\/zaracaytv.com\/wp-content\/uploads\/2025\/05\/sdfgfdh.png 1637w\" sizes=\"auto, (max-width: 300px) 100vw, 300px\" \/>Los comerciantes de la Bah\u00eda Comercial dejaron clara su postura de no salir de las instalaciones donde antes funcionaba la Escuela Caracas. Por eso este mi\u00e9rcoles 30 de abril anunciaron que resistir\u00e1n y para eso pretenden acudir a la justicia. En los pr\u00f3ximos d\u00edas analizan tomar medidas legales como pedir medidas cautelares, ya que seg\u00fan el asesor jur\u00eddico de esta agrupaci\u00f3n, Marcelo Rivera, se presenta una inminente vulneraci\u00f3n de derechos constitucionales de las personas que realizan sus actividades econ\u00f3micas en este lugar.\n<p>La medida cautelar busca frenar el proyecto de construcci\u00f3n de un parqueadero en un edificio de 10 pisos anunciado este lunes por el Alcalde, con una inversi\u00f3n de 27,5 millones de d\u00f3lares. Se prev\u00e9 que los trabajos empiecen en el mes de junio de este a\u00f1o. Los comerciantes con documentos en manos, de los que aseguraron son acuerdos firmados y que algunos fueron notariados, recordaron al burgomaestre que los compromisos deben ser respetados.\u00a0 Entre ellos se habla de ser reubicados en el Mall Santo Domingo, por eso expusieron que mantienen el lema: Mall Santo Domingo o las calles. <img loading=\"lazy\" decoding=\"async\" class=\"size-medium wp-image-19647 alignright\" src=\"https:\/\/zaracaytv.com\/wp-content\/uploads\/2025\/05\/gyuiyu-300x166.png\" alt=\"\" width=\"300\" height=\"166\" loading=\"lazy\" srcset=\"https:\/\/zaracaytv.com\/wp-content\/uploads\/2025\/05\/gyuiyu-300x166.png 300w, https:\/\/zaracaytv.com\/wp-content\/uploads\/2025\/05\/gyuiyu-1024x567.png 1024w, https:\/\/zaracaytv.com\/wp-content\/uploads\/2025\/05\/gyuiyu-768x425.png 768w, https:\/\/zaracaytv.com\/wp-content\/uploads\/2025\/05\/gyuiyu-1536x850.png 1536w, https:\/\/zaracaytv.com\/wp-content\/uploads\/2025\/05\/gyuiyu-570x316.png 570w, https:\/\/zaracaytv.com\/wp-content\/uploads\/2025\/05\/gyuiyu-270x149.png 270w, https:\/\/zaracaytv.com\/wp-content\/uploads\/2025\/05\/gyuiyu.png 1584w\" sizes=\"auto, (max-width: 300px) 100vw, 300px\" \/><\/p>\n<p><img loading=\"lazy\" decoding=\"async\" class=\"size-medium wp-image-19648 alignleft\" src=\"https:\/\/zaracaytv.com\/wp-content\/uploads\/2025\/05\/fyjuy-300x168.png\" alt=\"\" width=\"300\" height=\"168\" loading=\"lazy\" srcset=\"https:\/\/zaracaytv.com\/wp-content\/uploads\/2025\/05\/fyjuy-300x168.png 300w, https:\/\/zaracaytv.com\/wp-content\/uploads\/2025\/05\/fyjuy-1024x572.png 1024w, https:\/\/zaracaytv.com\/wp-content\/uploads\/2025\/05\/fyjuy-768x429.png 768w, https:\/\/zaracaytv.com\/wp-content\/uploads\/2025\/05\/fyjuy-1536x858.png 1536w, https:\/\/zaracaytv.com\/wp-content\/uploads\/2025\/05\/fyjuy-570x319.png 570w, https:\/\/zaracaytv.com\/wp-content\/uploads\/2025\/05\/fyjuy-270x151.png 270w, https:\/\/zaracaytv.com\/wp-content\/uploads\/2025\/05\/fyjuy.png 1632w\" sizes=\"auto, (max-width: 300px) 100vw, 300px\" \/>Adem\u00e1s recordaron que fueron reubicados en la \u00e9poca de la pandemia\u00a0 en los patios de la exescuela Caracas, desde la calle Ambato, y eligieron este lugar como el m\u00e1s apropiado. Desde entonces tuvieron que hacer modificaciones durante 5 a\u00f1os. Pasaron la crisis por la obra del paso a desnivel de la avenida Quito y R\u00edo Toachi. Cuestionaron qui\u00e9n responder\u00e1 por la inversi\u00f3n de 270 mil d\u00f3lares que aseguran haber realizado hasta 2024.<\/p>\n<p>Son 218 comerciantes que ocupan este lugar, agrupados en 7 asociaciones, quienes hasta el momento no han sido notificados. Seg\u00fan el director de Mercados y Comercio de la municipalidad, lo har\u00e1n en el transcurso de estos d\u00edas o los primeros d\u00edas de la pr\u00f3xima semana, as\u00ed como la reubicaci\u00f3n de todos los mercados y los circuitos comerciales que hay en la ciudad.<\/p>\n<p>\u00a0<\/p>\n<p>\u00a0<\/p>\n<p><iframe title=\"LA CIUDAD - LOS COMERCIANTES DE LA BAH\u00cdA COMERCIAL PEDIR\u00c1N MEDIDAS CAUTELARES\" width=\"800\" height=\"450\" src=\"https:\/\/www.youtube.com\/embed\/8DI_LuXXUFk?feature=oembed\" frameborder=\"0\" allow=\"accelerometer; autoplay; clipboard-write; encrypted-media; gyroscope; picture-in-picture; web-share\" referrerpolicy=\"strict-origin-when-cross-origin\" allowfullscreen><\/iframe><\/p>\n<\/body>","protected":false},"excerpt":{"rendered":"<p>Los comerciantes de la Bah\u00eda Comercial dejaron clara su postura de no salir de las instalaciones donde antes funcionaba la Escuela Caracas. Por eso este mi\u00e9rcoles 30 de abril anunciaron que resistir\u00e1n y para eso pretenden acudir a la justicia. En los pr\u00f3ximos d\u00edas analizan tomar medidas legales como pedir medidas cautelares, ya que seg\u00fan [&hellip;]<\/p>\n","protected":false},"author":4,"featured_media":19648,"comment_status":"closed","ping_status":"closed","sticky":false,"template":"","format":"standard","meta":{"om_disable_all_campaigns":false,"_joinchat":[],"footnotes":""},"categories":[31],"tags":[],"class_list":["post-19645","post","type-post","status-publish","format-standard","has-post-thumbnail","hentry","category-la-region"],"_links":{"self":[{"href":"https:\/\/zaracaytv.com\/index.php?rest_route=\/wp\/v2\/posts\/19645","targetHints":{"allow":["GET"]}}],"collection":[{"href":"https:\/\/zaracaytv.com\/index.php?rest_route=\/wp\/v2\/posts"}],"about":[{"href":"https:\/\/zaracaytv.com\/index.php?rest_route=\/wp\/v2\/types\/post"}],"author":[{"embeddable":true,"href":"https:\/\/zaracaytv.com\/index.php?rest_route=\/wp\/v2\/users\/4"}],"replies":[{"embeddable":true,"href":"https:\/\/zaracaytv.com\/index.php?rest_route=%2Fwp%2Fv2%2Fcomments&post=19645"}],"version-history":[{"count":3,"href":"https:\/\/zaracaytv.com\/index.php?rest_route=\/wp\/v2\/posts\/19645\/revisions"}],"predecessor-version":[{"id":19673,"href":"https:\/\/zaracaytv.com\/index.php?rest_route=\/wp\/v2\/posts\/19645\/revisions\/19673"}],"wp:featuredmedia":[{"embeddable":true,"href":"https:\/\/zaracaytv.com\/index.php?rest_route=\/wp\/v2\/media\/19648"}],"wp:attachment":[{"href":"https:\/\/zaracaytv.com\/index.php?rest_route=%2Fwp%2Fv2%2Fmedia&parent=19645"}],"wp:term":[{"taxonomy":"category","embeddable":true,"href":"https:\/\/zaracaytv.com\/index.php?rest_route=%2Fwp%2Fv2%2Fcategories&post=19645"},{"taxonomy":"post_tag","embeddable":true,"href":"https:\/\/zaracaytv.com\/index.php?rest_route=%2Fwp%2Fv2%2Ftags&post=19645"}],"curies":[{"name":"wp","href":"https:\/\/api.w.org\/{rel}","templated":true}]}}