{"id":19641,"date":"2025-05-01T10:22:41","date_gmt":"2025-05-01T15:22:41","guid":{"rendered":"https:\/\/zaracaytv.com\/?p=19641"},"modified":"2025-05-01T11:33:46","modified_gmt":"2025-05-01T16:33:46","slug":"reformas-del-gobierno-causa-inconformidad-a-los-gremios-de-trabajadores","status":"publish","type":"post","link":"https:\/\/zaracaytv.com\/?p=19641","title":{"rendered":"REFORMAS DEL GOBIERNO CAUSA INCONFORMIDAD A LOS GREMIOS DE TRABAJADORES"},"content":{"rendered":"<body><p><\/p><span style=\"font-weight: 400;\"><img loading=\"lazy\" decoding=\"async\" class=\"size-medium wp-image-19642 alignright\" src=\"https:\/\/zaracaytv.com\/wp-content\/uploads\/2025\/05\/hfgjty-300x173.png\" alt=\"\" width=\"300\" height=\"173\" loading=\"lazy\" srcset=\"https:\/\/zaracaytv.com\/wp-content\/uploads\/2025\/05\/hfgjty-300x173.png 300w, https:\/\/zaracaytv.com\/wp-content\/uploads\/2025\/05\/hfgjty-1024x592.png 1024w, https:\/\/zaracaytv.com\/wp-content\/uploads\/2025\/05\/hfgjty-768x444.png 768w, https:\/\/zaracaytv.com\/wp-content\/uploads\/2025\/05\/hfgjty-1536x888.png 1536w, https:\/\/zaracaytv.com\/wp-content\/uploads\/2025\/05\/hfgjty-570x330.png 570w, https:\/\/zaracaytv.com\/wp-content\/uploads\/2025\/05\/hfgjty-270x156.png 270w, https:\/\/zaracaytv.com\/wp-content\/uploads\/2025\/05\/hfgjty.png 1553w\" sizes=\"auto, (max-width: 300px) 100vw, 300px\" \/><img loading=\"lazy\" decoding=\"async\" class=\"size-medium wp-image-19643 alignleft\" src=\"https:\/\/zaracaytv.com\/wp-content\/uploads\/2025\/05\/sdgsg-300x156.png\" alt=\"\" width=\"300\" height=\"156\" loading=\"lazy\" srcset=\"https:\/\/zaracaytv.com\/wp-content\/uploads\/2025\/05\/sdgsg-300x156.png 300w, https:\/\/zaracaytv.com\/wp-content\/uploads\/2025\/05\/sdgsg-1024x533.png 1024w, https:\/\/zaracaytv.com\/wp-content\/uploads\/2025\/05\/sdgsg-768x399.png 768w, https:\/\/zaracaytv.com\/wp-content\/uploads\/2025\/05\/sdgsg-1536x799.png 1536w, https:\/\/zaracaytv.com\/wp-content\/uploads\/2025\/05\/sdgsg-570x296.png 570w, https:\/\/zaracaytv.com\/wp-content\/uploads\/2025\/05\/sdgsg-270x140.png 270w, https:\/\/zaracaytv.com\/wp-content\/uploads\/2025\/05\/sdgsg-850x438.png 850w, https:\/\/zaracaytv.com\/wp-content\/uploads\/2025\/05\/sdgsg.png 1646w\" sizes=\"auto, (max-width: 300px) 100vw, 300px\" \/>En contra se mantienen varios trabajadores a la reforma de la jubilaci\u00f3n patronal presentada por la Ministra de Trabajo, Ivonne N\u00fa\u00f1ez quien pretende cambiar el art\u00edculo 216 del C\u00f3digo de Trabajo, en el que se establece que el laborante que haya prestado sus servicios por 25 a\u00f1os o m\u00e1s, de manera continua para una empresa, tendr\u00e1 derecho a la jubilaci\u00f3n. Seg\u00fan la funcionaria, menos del 2% de empleados <\/span>acceden a la jubilaci\u00f3n patronal. Marco Villamar,\u00a0 secretario general del Sindicato Unitario de Trabajadores Municipales de Santo Domingo, califica la acci\u00f3n como improcedente al intentar que el empleado pague parte de su jubilaci\u00f3n. Estas acciones ser\u00e1n reclamadas durante la marcha pac\u00edfica convocada por varios frentes para este d\u00eda jueves.\n<p><span style=\"font-weight: 400;\">Adem\u00e1s, el gremio de trabajadores se muestra inconforme con el posible incremento en los a\u00f1os de aportaciones al Instituto Ecuatoriano de Seguridad Social, el cual podr\u00eda extenderse de 30 a 35 a\u00f1os. Wilman Chicaiza, presidente de la Central Unitaria de Trabajadores Provinciales de Santo Domingo de los Ts\u00e1chilas, cuestion\u00f3 esta situaci\u00f3n y acot\u00f3 que las irregularidades, en esta entidad, como la falta de medicina son un problema grave, que no son una garant\u00eda para el personal obrero.<\/span><\/p>\n<p><span style=\"font-weight: 400;\">Por otra parte, los comerciantes informales del cant\u00f3n se muestran preocupados ante la falta de garant\u00edas de las autoridades para trabajar con normalidad. Elber Loor, presidente de la Federaci\u00f3n de Vendedores Aut\u00f3nomos 28 de Octubre, explic\u00f3 que viven una psicosis ante la reubicaci\u00f3n constante de sus compa\u00f1eros y la venta de predios impulsadas desde el GAD Municipal de Santo Domingo.<\/span><\/p>\n<p><span style=\"font-weight: 400;\">Este contexto se vive a v\u00edsperas del 1 de Mayo, donde los trabajadores saldr\u00e1n a protestar a las calles.\u00a0<\/span><\/p>\n<p>\u00a0<\/p>\n<p><iframe title=\"LA REGI\u00d3N \u2013 REFORMAS DEL GOBIERNO CAUSA INCONFORMIDAD A LOS GREMIOS DE TRABAJADORES\" width=\"800\" height=\"450\" src=\"https:\/\/www.youtube.com\/embed\/oXEuw6Vx-Y8?feature=oembed\" frameborder=\"0\" allow=\"accelerometer; autoplay; clipboard-write; encrypted-media; gyroscope; picture-in-picture; web-share\" referrerpolicy=\"strict-origin-when-cross-origin\" allowfullscreen><\/iframe><\/p>\n<\/body>","protected":false},"excerpt":{"rendered":"<p>En contra se mantienen varios trabajadores a la reforma de la jubilaci\u00f3n patronal presentada por la Ministra de Trabajo, Ivonne N\u00fa\u00f1ez quien pretende cambiar el art\u00edculo 216 del C\u00f3digo de Trabajo, en el que se establece que el laborante que haya prestado sus servicios por 25 a\u00f1os o m\u00e1s, de manera continua para una empresa, [&hellip;]<\/p>\n","protected":false},"author":4,"featured_media":19643,"comment_status":"closed","ping_status":"closed","sticky":false,"template":"","format":"standard","meta":{"om_disable_all_campaigns":false,"_joinchat":[],"footnotes":""},"categories":[31],"tags":[],"class_list":["post-19641","post","type-post","status-publish","format-standard","has-post-thumbnail","hentry","category-la-region"],"_links":{"self":[{"href":"https:\/\/zaracaytv.com\/index.php?rest_route=\/wp\/v2\/posts\/19641","targetHints":{"allow":["GET"]}}],"collection":[{"href":"https:\/\/zaracaytv.com\/index.php?rest_route=\/wp\/v2\/posts"}],"about":[{"href":"https:\/\/zaracaytv.com\/index.php?rest_route=\/wp\/v2\/types\/post"}],"author":[{"embeddable":true,"href":"https:\/\/zaracaytv.com\/index.php?rest_route=\/wp\/v2\/users\/4"}],"replies":[{"embeddable":true,"href":"https:\/\/zaracaytv.com\/index.php?rest_route=%2Fwp%2Fv2%2Fcomments&post=19641"}],"version-history":[{"count":3,"href":"https:\/\/zaracaytv.com\/index.php?rest_route=\/wp\/v2\/posts\/19641\/revisions"}],"predecessor-version":[{"id":19667,"href":"https:\/\/zaracaytv.com\/index.php?rest_route=\/wp\/v2\/posts\/19641\/revisions\/19667"}],"wp:featuredmedia":[{"embeddable":true,"href":"https:\/\/zaracaytv.com\/index.php?rest_route=\/wp\/v2\/media\/19643"}],"wp:attachment":[{"href":"https:\/\/zaracaytv.com\/index.php?rest_route=%2Fwp%2Fv2%2Fmedia&parent=19641"}],"wp:term":[{"taxonomy":"category","embeddable":true,"href":"https:\/\/zaracaytv.com\/index.php?rest_route=%2Fwp%2Fv2%2Fcategories&post=19641"},{"taxonomy":"post_tag","embeddable":true,"href":"https:\/\/zaracaytv.com\/index.php?rest_route=%2Fwp%2Fv2%2Ftags&post=19641"}],"curies":[{"name":"wp","href":"https:\/\/api.w.org\/{rel}","templated":true}]}}