{"id":19636,"date":"2025-05-01T10:17:41","date_gmt":"2025-05-01T15:17:41","guid":{"rendered":"https:\/\/zaracaytv.com\/?p=19636"},"modified":"2025-05-01T11:32:18","modified_gmt":"2025-05-01T16:32:18","slug":"policia-y-cte-asumiran-control-de-25-vias-estatales-en-13-provincias","status":"publish","type":"post","link":"https:\/\/zaracaytv.com\/?p=19636","title":{"rendered":"POLIC\u00cdA Y CTE ASUMIR\u00c1N CONTROL DE 25 V\u00cdAS ESTATALES EN 13 PROVINCIAS"},"content":{"rendered":"<body><p><\/p>\n<p class=\"\" data-start=\"246\" data-end=\"798\"><img loading=\"lazy\" decoding=\"async\" class=\"size-medium wp-image-19637 alignleft\" src=\"https:\/\/zaracaytv.com\/wp-content\/uploads\/2025\/05\/fgjfuyoui-300x156.png\" alt=\"\" width=\"300\" height=\"156\" loading=\"lazy\" srcset=\"https:\/\/zaracaytv.com\/wp-content\/uploads\/2025\/05\/fgjfuyoui-300x156.png 300w, https:\/\/zaracaytv.com\/wp-content\/uploads\/2025\/05\/fgjfuyoui-1024x534.png 1024w, https:\/\/zaracaytv.com\/wp-content\/uploads\/2025\/05\/fgjfuyoui-768x400.png 768w, https:\/\/zaracaytv.com\/wp-content\/uploads\/2025\/05\/fgjfuyoui-1536x801.png 1536w, https:\/\/zaracaytv.com\/wp-content\/uploads\/2025\/05\/fgjfuyoui-570x297.png 570w, https:\/\/zaracaytv.com\/wp-content\/uploads\/2025\/05\/fgjfuyoui-270x141.png 270w, https:\/\/zaracaytv.com\/wp-content\/uploads\/2025\/05\/fgjfuyoui-850x438.png 850w, https:\/\/zaracaytv.com\/wp-content\/uploads\/2025\/05\/fgjfuyoui.png 1671w\" sizes=\"auto, (max-width: 300px) 100vw, 300px\" \/>Mediante un Acuerdo Ministerial emitido por el Ministerio de Transporte y Obras P\u00fablicas (MTOP), se oficializ\u00f3 la delegaci\u00f3n de funciones a la Polic\u00eda Nacional y la Comisi\u00f3n de Tr\u00e1nsito del Ecuador (CTE) para el control de 25 v\u00edas estatales en 13 provincias del pa\u00eds. Entre ellas se incluyen los cinco ejes viales estrat\u00e9gicos que atraviesan la provincia de Santo Domingo de los Ts\u00e1chilas. Esta medida forma parte de la aplicaci\u00f3n inmediata de la Pol\u00edtica P\u00fablica Nacional de Seguridad Ciudadana, P\u00fablica y de Protecci\u00f3n Interna en la Red Vial Estatal.<img loading=\"lazy\" decoding=\"async\" class=\"size-medium wp-image-19638 alignright\" src=\"https:\/\/zaracaytv.com\/wp-content\/uploads\/2025\/05\/ryitu-300x150.png\" alt=\"\" width=\"300\" height=\"150\" loading=\"lazy\" srcset=\"https:\/\/zaracaytv.com\/wp-content\/uploads\/2025\/05\/ryitu-300x150.png 300w, https:\/\/zaracaytv.com\/wp-content\/uploads\/2025\/05\/ryitu-1024x512.png 1024w, https:\/\/zaracaytv.com\/wp-content\/uploads\/2025\/05\/ryitu-768x384.png 768w, https:\/\/zaracaytv.com\/wp-content\/uploads\/2025\/05\/ryitu-1536x768.png 1536w, https:\/\/zaracaytv.com\/wp-content\/uploads\/2025\/05\/ryitu-570x285.png 570w, https:\/\/zaracaytv.com\/wp-content\/uploads\/2025\/05\/ryitu-270x135.png 270w, https:\/\/zaracaytv.com\/wp-content\/uploads\/2025\/05\/ryitu.png 1587w\" sizes=\"auto, (max-width: 300px) 100vw, 300px\" \/><\/p>\n<p class=\"\" data-start=\"800\" data-end=\"1178\">\u00c9dison Molina, jefe del Distrito Oeste, inform\u00f3 que en Santo Domingo el resguardo de estas rutas estar\u00e1 a cargo de cinco patrulleros recientemente entregados por el Gobierno, junto con la implementaci\u00f3n de nuevas tecnolog\u00edas. \u201cEl objetivo es reforzar la seguridad en las carreteras y frenar los actos delictivos que afectan al transporte y a los ciudadanos en general\u201d, explic\u00f3.<\/p>\n<p class=\"\" data-start=\"1180\" data-end=\"1691\"><img loading=\"lazy\" decoding=\"async\" class=\"size-medium wp-image-19639 alignleft\" src=\"https:\/\/zaracaytv.com\/wp-content\/uploads\/2025\/05\/thry-300x155.png\" alt=\"\" width=\"300\" height=\"155\" loading=\"lazy\" srcset=\"https:\/\/zaracaytv.com\/wp-content\/uploads\/2025\/05\/thry-300x155.png 300w, https:\/\/zaracaytv.com\/wp-content\/uploads\/2025\/05\/thry-1024x528.png 1024w, https:\/\/zaracaytv.com\/wp-content\/uploads\/2025\/05\/thry-768x396.png 768w, https:\/\/zaracaytv.com\/wp-content\/uploads\/2025\/05\/thry-1536x792.png 1536w, https:\/\/zaracaytv.com\/wp-content\/uploads\/2025\/05\/thry-570x294.png 570w, https:\/\/zaracaytv.com\/wp-content\/uploads\/2025\/05\/thry-270x139.png 270w, https:\/\/zaracaytv.com\/wp-content\/uploads\/2025\/05\/thry-850x438.png 850w, https:\/\/zaracaytv.com\/wp-content\/uploads\/2025\/05\/thry.png 1601w\" sizes=\"auto, (max-width: 300px) 100vw, 300px\" \/>Transportistas afiliados a la C\u00e1mara de Transporte Pesado de Santo Domingo de los Ts\u00e1chilas, como Ram\u00f3n Vera, respaldaron la medida al considerar que la intervenci\u00f3n policial garantizar\u00e1 mayor seguridad y operativos m\u00e1s transparentes. Sin embargo, advirtieron que no dudar\u00e1n en denunciar posibles abusos o irregularidades que pudieran cometerse tambi\u00e9n por parte de los uniformados. El acuerdo entrar\u00e1 en vigencia de forma inmediata una vez se publique en el Registro Oficial, seg\u00fan confirmaron las autoridades.<\/p>\n<p><iframe title=\"LA REGI\u00d3N - LA POLIC\u00cdA RETOMAR\u00c1 EL CONTROL DE 21 EJES VIALES DE 13 PROVINCIAS\" width=\"800\" height=\"450\" src=\"https:\/\/www.youtube.com\/embed\/Q8EI5nNc2DM?feature=oembed\" frameborder=\"0\" allow=\"accelerometer; autoplay; clipboard-write; encrypted-media; gyroscope; picture-in-picture; web-share\" referrerpolicy=\"strict-origin-when-cross-origin\" allowfullscreen><\/iframe><\/p>\n<\/body>","protected":false},"excerpt":{"rendered":"<p>Mediante un Acuerdo Ministerial emitido por el Ministerio de Transporte y Obras P\u00fablicas (MTOP), se oficializ\u00f3 la delegaci\u00f3n de funciones a la Polic\u00eda Nacional y la Comisi\u00f3n de Tr\u00e1nsito del Ecuador (CTE) para el control de 25 v\u00edas estatales en 13 provincias del pa\u00eds. Entre ellas se incluyen los cinco ejes viales estrat\u00e9gicos que atraviesan [&hellip;]<\/p>\n","protected":false},"author":4,"featured_media":19637,"comment_status":"closed","ping_status":"closed","sticky":false,"template":"","format":"standard","meta":{"om_disable_all_campaigns":false,"_joinchat":[],"footnotes":""},"categories":[31],"tags":[],"class_list":["post-19636","post","type-post","status-publish","format-standard","has-post-thumbnail","hentry","category-la-region"],"_links":{"self":[{"href":"https:\/\/zaracaytv.com\/index.php?rest_route=\/wp\/v2\/posts\/19636","targetHints":{"allow":["GET"]}}],"collection":[{"href":"https:\/\/zaracaytv.com\/index.php?rest_route=\/wp\/v2\/posts"}],"about":[{"href":"https:\/\/zaracaytv.com\/index.php?rest_route=\/wp\/v2\/types\/post"}],"author":[{"embeddable":true,"href":"https:\/\/zaracaytv.com\/index.php?rest_route=\/wp\/v2\/users\/4"}],"replies":[{"embeddable":true,"href":"https:\/\/zaracaytv.com\/index.php?rest_route=%2Fwp%2Fv2%2Fcomments&post=19636"}],"version-history":[{"count":3,"href":"https:\/\/zaracaytv.com\/index.php?rest_route=\/wp\/v2\/posts\/19636\/revisions"}],"predecessor-version":[{"id":19665,"href":"https:\/\/zaracaytv.com\/index.php?rest_route=\/wp\/v2\/posts\/19636\/revisions\/19665"}],"wp:featuredmedia":[{"embeddable":true,"href":"https:\/\/zaracaytv.com\/index.php?rest_route=\/wp\/v2\/media\/19637"}],"wp:attachment":[{"href":"https:\/\/zaracaytv.com\/index.php?rest_route=%2Fwp%2Fv2%2Fmedia&parent=19636"}],"wp:term":[{"taxonomy":"category","embeddable":true,"href":"https:\/\/zaracaytv.com\/index.php?rest_route=%2Fwp%2Fv2%2Fcategories&post=19636"},{"taxonomy":"post_tag","embeddable":true,"href":"https:\/\/zaracaytv.com\/index.php?rest_route=%2Fwp%2Fv2%2Ftags&post=19636"}],"curies":[{"name":"wp","href":"https:\/\/api.w.org\/{rel}","templated":true}]}}