{"id":19632,"date":"2025-05-01T10:07:19","date_gmt":"2025-05-01T15:07:19","guid":{"rendered":"https:\/\/zaracaytv.com\/?p=19632"},"modified":"2025-05-01T10:07:19","modified_gmt":"2025-05-01T15:07:19","slug":"marcha-por-el-dia-del-trabajo-en-las-principales-avenidas-de-santo-domingo","status":"publish","type":"post","link":"https:\/\/zaracaytv.com\/?p=19632","title":{"rendered":"MARCHA POR EL D\u00cdA DEL TRABAJO EN LAS PRINCIPALES AVENIDAS DE SANTO DOMINGO"},"content":{"rendered":"<body><p><\/p>\n<p class=\"\" data-start=\"233\" data-end=\"635\"><img loading=\"lazy\" decoding=\"async\" class=\"size-medium wp-image-19634 alignleft\" src=\"https:\/\/zaracaytv.com\/wp-content\/uploads\/2025\/05\/WhatsApp-Image-2025-05-01-at-08.47.12-300x225.jpeg\" alt=\"\" width=\"300\" height=\"225\" loading=\"lazy\" srcset=\"https:\/\/zaracaytv.com\/wp-content\/uploads\/2025\/05\/WhatsApp-Image-2025-05-01-at-08.47.12-300x225.jpeg 300w, https:\/\/zaracaytv.com\/wp-content\/uploads\/2025\/05\/WhatsApp-Image-2025-05-01-at-08.47.12-1024x768.jpeg 1024w, https:\/\/zaracaytv.com\/wp-content\/uploads\/2025\/05\/WhatsApp-Image-2025-05-01-at-08.47.12-768x576.jpeg 768w, https:\/\/zaracaytv.com\/wp-content\/uploads\/2025\/05\/WhatsApp-Image-2025-05-01-at-08.47.12-1536x1152.jpeg 1536w, https:\/\/zaracaytv.com\/wp-content\/uploads\/2025\/05\/WhatsApp-Image-2025-05-01-at-08.47.12-440x330.jpeg 440w, https:\/\/zaracaytv.com\/wp-content\/uploads\/2025\/05\/WhatsApp-Image-2025-05-01-at-08.47.12-240x180.jpeg 240w, https:\/\/zaracaytv.com\/wp-content\/uploads\/2025\/05\/WhatsApp-Image-2025-05-01-at-08.47.12.jpeg 1600w\" sizes=\"auto, (max-width: 300px) 100vw, 300px\" \/>Este mi\u00e9rcoles 1 de mayo, trabajadores y trabajadoras de diferentes sectores se movilizaron por las calles de Santo Domingo para conmemorar el D\u00eda Internacional del Trabajo. La marcha, que parti\u00f3 desde la avenida Quito, reuni\u00f3 a sindicatos, organizaciones sociales y colectivos laborales que reclamaron mejores condiciones de empleo, salarios justos y respeto a los derechos laborales.<\/p>\n<p class=\"\" data-start=\"637\" data-end=\"1042\">Participaron obreros del sector agr\u00edcola, transportistas, educadores, comerciantes y trabajadores p\u00fablicos e informales, quienes expresaron su preocupaci\u00f3n por el desempleo, la falta de estabilidad laboral y los recortes a derechos adquiridos. Las consignas tambi\u00e9n incluyeron demandas relacionadas con la seguridad social, la regularizaci\u00f3n de contratos y el fortalecimiento del sistema de salud p\u00fablica.<\/p>\n<p class=\"\" data-start=\"1044\" data-end=\"1485\">Durante la jornada, l\u00edderes sindicales destacaron que en Santo Domingo de los Ts\u00e1chilas persisten realidades de precarizaci\u00f3n y trabajo informal, por lo que insistieron en la necesidad de que el Gobierno y las autoridades locales escuchen al sector trabajador. \u201cEl 1 de mayo no es solo una fecha simb\u00f3lica, es una lucha viva por justicia y dignidad laboral\u201d, expres\u00f3 uno de los voceros frente a la Gobernaci\u00f3n, donde culmin\u00f3 la movilizaci\u00f3n.<\/p>\n<p><\/p>\n<\/body>","protected":false},"excerpt":{"rendered":"<p>Este mi\u00e9rcoles 1 de mayo, trabajadores y trabajadoras de diferentes sectores se movilizaron por las calles de Santo Domingo para conmemorar el D\u00eda Internacional del Trabajo. La marcha, que parti\u00f3 desde la avenida Quito, reuni\u00f3 a sindicatos, organizaciones sociales y colectivos laborales que reclamaron mejores condiciones de empleo, salarios justos y respeto a los derechos [&hellip;]<\/p>\n","protected":false},"author":4,"featured_media":19634,"comment_status":"closed","ping_status":"closed","sticky":false,"template":"","format":"standard","meta":{"om_disable_all_campaigns":false,"_joinchat":[],"footnotes":""},"categories":[31],"tags":[],"class_list":["post-19632","post","type-post","status-publish","format-standard","has-post-thumbnail","hentry","category-la-region"],"_links":{"self":[{"href":"https:\/\/zaracaytv.com\/index.php?rest_route=\/wp\/v2\/posts\/19632","targetHints":{"allow":["GET"]}}],"collection":[{"href":"https:\/\/zaracaytv.com\/index.php?rest_route=\/wp\/v2\/posts"}],"about":[{"href":"https:\/\/zaracaytv.com\/index.php?rest_route=\/wp\/v2\/types\/post"}],"author":[{"embeddable":true,"href":"https:\/\/zaracaytv.com\/index.php?rest_route=\/wp\/v2\/users\/4"}],"replies":[{"embeddable":true,"href":"https:\/\/zaracaytv.com\/index.php?rest_route=%2Fwp%2Fv2%2Fcomments&post=19632"}],"version-history":[{"count":1,"href":"https:\/\/zaracaytv.com\/index.php?rest_route=\/wp\/v2\/posts\/19632\/revisions"}],"predecessor-version":[{"id":19635,"href":"https:\/\/zaracaytv.com\/index.php?rest_route=\/wp\/v2\/posts\/19632\/revisions\/19635"}],"wp:featuredmedia":[{"embeddable":true,"href":"https:\/\/zaracaytv.com\/index.php?rest_route=\/wp\/v2\/media\/19634"}],"wp:attachment":[{"href":"https:\/\/zaracaytv.com\/index.php?rest_route=%2Fwp%2Fv2%2Fmedia&parent=19632"}],"wp:term":[{"taxonomy":"category","embeddable":true,"href":"https:\/\/zaracaytv.com\/index.php?rest_route=%2Fwp%2Fv2%2Fcategories&post=19632"},{"taxonomy":"post_tag","embeddable":true,"href":"https:\/\/zaracaytv.com\/index.php?rest_route=%2Fwp%2Fv2%2Ftags&post=19632"}],"curies":[{"name":"wp","href":"https:\/\/api.w.org\/{rel}","templated":true}]}}