{"id":19619,"date":"2025-04-30T17:22:50","date_gmt":"2025-04-30T22:22:50","guid":{"rendered":"https:\/\/zaracaytv.com\/?p=19619"},"modified":"2025-04-30T17:48:28","modified_gmt":"2025-04-30T22:48:28","slug":"las-maquinarias-del-gad-provincial-y-municipal-de-santo-domingo-estan-en-crisis","status":"publish","type":"post","link":"https:\/\/zaracaytv.com\/?p=19619","title":{"rendered":"LAS MAQUINARIAS DEL GAD PROVINCIAL Y MUNICIPAL DE SANTO DOMINGO EST\u00c1N EN CRISIS"},"content":{"rendered":"<body><p><\/p>\n<p class=\"\" data-start=\"277\" data-end=\"741\">Una grave afectaci\u00f3n en la operatividad de la maquinaria p\u00fablica est\u00e1 limitando la atenci\u00f3n de emergencias viales y obras tanto en la zona urbana como rural de Santo Domingo de los Ts\u00e1chilas. Seg\u00fan denunci\u00f3 Robinson Cortez, presidente provincial de la Federaci\u00f3n Unitaria de Organizaciones Sindicales (FUOS), m\u00e1s del 50 % de los equipos del Gobierno Aut\u00f3nomo Descentralizado (GAD) Provincial y del patio automotor del GAD Municipal se encuentran fuera de servicio.<\/p>\n<p class=\"\" data-start=\"743\" data-end=\"1064\">En el caso de la Prefectura, Cortez indic\u00f3 que<img loading=\"lazy\" decoding=\"async\" class=\"size-medium wp-image-19620 alignleft\" src=\"https:\/\/zaracaytv.com\/wp-content\/uploads\/2025\/04\/rrwtr-300x170.png\" alt=\"\" width=\"300\" height=\"170\" loading=\"lazy\" srcset=\"https:\/\/zaracaytv.com\/wp-content\/uploads\/2025\/04\/rrwtr-300x170.png 300w, https:\/\/zaracaytv.com\/wp-content\/uploads\/2025\/04\/rrwtr-1024x580.png 1024w, https:\/\/zaracaytv.com\/wp-content\/uploads\/2025\/04\/rrwtr-768x435.png 768w, https:\/\/zaracaytv.com\/wp-content\/uploads\/2025\/04\/rrwtr-1536x870.png 1536w, https:\/\/zaracaytv.com\/wp-content\/uploads\/2025\/04\/rrwtr-570x323.png 570w, https:\/\/zaracaytv.com\/wp-content\/uploads\/2025\/04\/rrwtr-270x153.png 270w, https:\/\/zaracaytv.com\/wp-content\/uploads\/2025\/04\/rrwtr.png 1625w\" sizes=\"auto, (max-width: 300px) 100vw, 300px\" \/> de los aproximadamente 130 equipos disponibles, apenas 40 se encuentran operativos, lo que representa menos del 31 % de la flota total. Esta situaci\u00f3n, asegura, ha generado retrasos en obras de mantenimiento vial y atenci\u00f3n a emergencias, especialmente en las zonas rurales.<\/p>\n<p class=\"\" data-start=\"1066\" data-end=\"1295\">El dirigente se\u00f1al\u00f3 que los tr\u00e1mites burocr\u00e1ticos son otro de los factores que agravan la situaci\u00f3n, ya que los procesos para la adquisici\u00f3n de repuestos y reparaci\u00f3n de maquinaria son lentos, lo que impide una atenci\u00f3n oportuna. <img loading=\"lazy\" decoding=\"async\" class=\"size-medium wp-image-19621 alignright\" src=\"https:\/\/zaracaytv.com\/wp-content\/uploads\/2025\/04\/fgjfghjfg-300x172.png\" alt=\"\" width=\"300\" height=\"172\" loading=\"lazy\" srcset=\"https:\/\/zaracaytv.com\/wp-content\/uploads\/2025\/04\/fgjfghjfg-300x172.png 300w, https:\/\/zaracaytv.com\/wp-content\/uploads\/2025\/04\/fgjfghjfg-1024x587.png 1024w, https:\/\/zaracaytv.com\/wp-content\/uploads\/2025\/04\/fgjfghjfg-768x440.png 768w, https:\/\/zaracaytv.com\/wp-content\/uploads\/2025\/04\/fgjfghjfg-570x327.png 570w, https:\/\/zaracaytv.com\/wp-content\/uploads\/2025\/04\/fgjfghjfg-270x155.png 270w, https:\/\/zaracaytv.com\/wp-content\/uploads\/2025\/04\/fgjfghjfg.png 1526w\" sizes=\"auto, (max-width: 300px) 100vw, 300px\" \/><\/p>\n<p class=\"\" data-start=\"1297\" data-end=\"1588\">Por su parte, la Prefectura atribuye la problem\u00e1tica a la falta de recursos por parte del Gobierno Central, que mantiene una deuda de cinco meses con la entidad. El monto adeudado asciende a m\u00e1s de 9 millones de d\u00f3lares, lo que ha limitado la capacidad de operaci\u00f3n y ejecuci\u00f3n de proyectos.<\/p>\n<p class=\"\" data-start=\"1590\" data-end=\"1961\"><img loading=\"lazy\" decoding=\"async\" class=\"size-medium wp-image-19622 alignleft\" src=\"https:\/\/zaracaytv.com\/wp-content\/uploads\/2025\/04\/dfgdfyfty-300x162.png\" alt=\"\" width=\"300\" height=\"162\" loading=\"lazy\" srcset=\"https:\/\/zaracaytv.com\/wp-content\/uploads\/2025\/04\/dfgdfyfty-300x162.png 300w, https:\/\/zaracaytv.com\/wp-content\/uploads\/2025\/04\/dfgdfyfty-1024x553.png 1024w, https:\/\/zaracaytv.com\/wp-content\/uploads\/2025\/04\/dfgdfyfty-768x415.png 768w, https:\/\/zaracaytv.com\/wp-content\/uploads\/2025\/04\/dfgdfyfty-1536x830.png 1536w, https:\/\/zaracaytv.com\/wp-content\/uploads\/2025\/04\/dfgdfyfty-570x308.png 570w, https:\/\/zaracaytv.com\/wp-content\/uploads\/2025\/04\/dfgdfyfty-270x146.png 270w, https:\/\/zaracaytv.com\/wp-content\/uploads\/2025\/04\/dfgdfyfty.png 1644w\" sizes=\"auto, (max-width: 300px) 100vw, 300px\" \/>Las parroquias rurales son las m\u00e1s afectadas por esta crisis. Hugo Moreno, vocal del GAD Parroquial de Alluriqu\u00edn, advirti\u00f3 que en su jurisdicci\u00f3n no hay maquinaria disponible, pese a las constantes emergencias viales. \u201cLa situaci\u00f3n es cr\u00edtica. No hay equipos y los pocos que existen est\u00e1n da\u00f1ados. Esto dificulta cualquier tipo de intervenci\u00f3n en el territorio\u201d, afirm\u00f3.<\/p>\n<p class=\"\" data-start=\"1963\" data-end=\"2165\">Desde hace dos semanas se ha intentado obtener una versi\u00f3n oficial por parte del GAD Provincial y del GAD Municipal de Santo Domingo, sin embargo, hasta el cierre de esta edici\u00f3n no ha habido respuesta.<\/p>\n<p data-start=\"1963\" data-end=\"2165\">\n<\/p><p data-start=\"1963\" data-end=\"2165\">\n<\/p><p><iframe title=\"LA REGI\u00d3N - LAS MAQUINARIAS DEL GAD PROVINCIAL Y MUNICIPAL DE SANTO DOMINGO EST\u00c1N EN CRISIS\" width=\"800\" height=\"450\" src=\"https:\/\/www.youtube.com\/embed\/6jAU2DVYYpA?feature=oembed\" frameborder=\"0\" allow=\"accelerometer; autoplay; clipboard-write; encrypted-media; gyroscope; picture-in-picture; web-share\" referrerpolicy=\"strict-origin-when-cross-origin\" allowfullscreen><\/iframe><\/p>\n<\/body>","protected":false},"excerpt":{"rendered":"<p>Una grave afectaci\u00f3n en la operatividad de la maquinaria p\u00fablica est\u00e1 limitando la atenci\u00f3n de emergencias viales y obras tanto en la zona urbana como rural de Santo Domingo de los Ts\u00e1chilas. Seg\u00fan denunci\u00f3 Robinson Cortez, presidente provincial de la Federaci\u00f3n Unitaria de Organizaciones Sindicales (FUOS), m\u00e1s del 50 % de los equipos del Gobierno [&hellip;]<\/p>\n","protected":false},"author":4,"featured_media":19622,"comment_status":"closed","ping_status":"closed","sticky":false,"template":"","format":"standard","meta":{"om_disable_all_campaigns":false,"_joinchat":[],"footnotes":""},"categories":[31],"tags":[],"class_list":["post-19619","post","type-post","status-publish","format-standard","has-post-thumbnail","hentry","category-la-region"],"_links":{"self":[{"href":"https:\/\/zaracaytv.com\/index.php?rest_route=\/wp\/v2\/posts\/19619","targetHints":{"allow":["GET"]}}],"collection":[{"href":"https:\/\/zaracaytv.com\/index.php?rest_route=\/wp\/v2\/posts"}],"about":[{"href":"https:\/\/zaracaytv.com\/index.php?rest_route=\/wp\/v2\/types\/post"}],"author":[{"embeddable":true,"href":"https:\/\/zaracaytv.com\/index.php?rest_route=\/wp\/v2\/users\/4"}],"replies":[{"embeddable":true,"href":"https:\/\/zaracaytv.com\/index.php?rest_route=%2Fwp%2Fv2%2Fcomments&post=19619"}],"version-history":[{"count":3,"href":"https:\/\/zaracaytv.com\/index.php?rest_route=\/wp\/v2\/posts\/19619\/revisions"}],"predecessor-version":[{"id":19627,"href":"https:\/\/zaracaytv.com\/index.php?rest_route=\/wp\/v2\/posts\/19619\/revisions\/19627"}],"wp:featuredmedia":[{"embeddable":true,"href":"https:\/\/zaracaytv.com\/index.php?rest_route=\/wp\/v2\/media\/19622"}],"wp:attachment":[{"href":"https:\/\/zaracaytv.com\/index.php?rest_route=%2Fwp%2Fv2%2Fmedia&parent=19619"}],"wp:term":[{"taxonomy":"category","embeddable":true,"href":"https:\/\/zaracaytv.com\/index.php?rest_route=%2Fwp%2Fv2%2Fcategories&post=19619"},{"taxonomy":"post_tag","embeddable":true,"href":"https:\/\/zaracaytv.com\/index.php?rest_route=%2Fwp%2Fv2%2Ftags&post=19619"}],"curies":[{"name":"wp","href":"https:\/\/api.w.org\/{rel}","templated":true}]}}