{"id":19615,"date":"2025-04-30T17:08:20","date_gmt":"2025-04-30T22:08:20","guid":{"rendered":"https:\/\/zaracaytv.com\/?p=19615"},"modified":"2025-04-30T17:52:08","modified_gmt":"2025-04-30T22:52:08","slug":"seminario-sobre-innovacion-sostenibilidad-y-diseno-urbano-rios-y-ciudades-en-santo-domingo","status":"publish","type":"post","link":"https:\/\/zaracaytv.com\/?p=19615","title":{"rendered":"SEMINARIO SOBRE INNOVACI\u00d3N, SOSTENIBILIDAD Y DISE\u00d1O URBANO R\u00cdOS Y CIUDADES EN SANTO DOMINGO"},"content":{"rendered":"<body><p><\/p>\n<p class=\"\" data-start=\"212\" data-end=\"478\"><img loading=\"lazy\" decoding=\"async\" class=\"size-medium wp-image-19616 alignleft\" src=\"https:\/\/zaracaytv.com\/wp-content\/uploads\/2025\/04\/ryujytj-300x166.png\" alt=\"\" width=\"300\" height=\"166\" loading=\"lazy\" srcset=\"https:\/\/zaracaytv.com\/wp-content\/uploads\/2025\/04\/ryujytj-300x166.png 300w, https:\/\/zaracaytv.com\/wp-content\/uploads\/2025\/04\/ryujytj-1024x566.png 1024w, https:\/\/zaracaytv.com\/wp-content\/uploads\/2025\/04\/ryujytj-768x424.png 768w, https:\/\/zaracaytv.com\/wp-content\/uploads\/2025\/04\/ryujytj-1536x848.png 1536w, https:\/\/zaracaytv.com\/wp-content\/uploads\/2025\/04\/ryujytj-570x315.png 570w, https:\/\/zaracaytv.com\/wp-content\/uploads\/2025\/04\/ryujytj-270x149.png 270w, https:\/\/zaracaytv.com\/wp-content\/uploads\/2025\/04\/ryujytj.png 1557w\" sizes=\"auto, (max-width: 300px) 100vw, 300px\" \/>Santo Domingo de los Ts\u00e1chilas contin\u00faa siendo una de las ciudades con mayor crecimiento urbano en Ecuador, lo que ha generado preocupaci\u00f3n entre ciudadanos, acad\u00e9micos y estudiantes por el desarrollo desordenado y el impacto ambiental que este proceso conlleva.<\/p>\n<p class=\"\" data-start=\"480\" data-end=\"840\">Durante el foro acad\u00e9mico \u201cR\u00edos y Ciudades: Conectando cuerpos de agua a trav\u00e9s de la transformaci\u00f3n urbana\u201d, organizado por la Escuela de H\u00e1bitat, Creatividad e Ingenier\u00eda de la PUCE Santo Domingo, se abordaron temas clave como sostenibilidad, innovaci\u00f3n y dise\u00f1o urbano. En el evento participaron cinco ponentes, incluidos expertos de Colombia y Francia.<\/p>\n<p class=\"\" data-start=\"842\" data-end=\"1108\">Marly Montesdeoca, directora de la Escuela organizadora, destac\u00f3 que uno de los principales retos de la ciudad es la contaminaci\u00f3n de sus r\u00edos, una problem\u00e1tica ambiental que se ha agravado en los \u00faltimos a\u00f1os debido al crecimiento urbano sin planificaci\u00f3n adecuada.<\/p>\n<p class=\"\" data-start=\"1110\" data-end=\"1438\">Estudiantes de arquitectura tambi\u00e9n expresaron su preocupaci\u00f3n por el avance descontrolado de la ciudad, la p\u00e9rdida de espacios naturales y la escasa conciencia ambiental. Uno de los ejemplos analizados fue la intervenci\u00f3n en la peatonal 3 de Julio, utilizada como caso de estudio sobre los efectos del urbanismo mal gestionado.<img loading=\"lazy\" decoding=\"async\" class=\"size-medium wp-image-19617 alignright\" src=\"https:\/\/zaracaytv.com\/wp-content\/uploads\/2025\/04\/ewfew-300x161.png\" alt=\"\" width=\"300\" height=\"161\" loading=\"lazy\" srcset=\"https:\/\/zaracaytv.com\/wp-content\/uploads\/2025\/04\/ewfew-300x161.png 300w, https:\/\/zaracaytv.com\/wp-content\/uploads\/2025\/04\/ewfew-1024x550.png 1024w, https:\/\/zaracaytv.com\/wp-content\/uploads\/2025\/04\/ewfew-768x412.png 768w, https:\/\/zaracaytv.com\/wp-content\/uploads\/2025\/04\/ewfew-1536x825.png 1536w, https:\/\/zaracaytv.com\/wp-content\/uploads\/2025\/04\/ewfew-570x306.png 570w, https:\/\/zaracaytv.com\/wp-content\/uploads\/2025\/04\/ewfew-270x145.png 270w, https:\/\/zaracaytv.com\/wp-content\/uploads\/2025\/04\/ewfew.png 1631w\" sizes=\"auto, (max-width: 300px) 100vw, 300px\" \/><\/p>\n<p class=\"\" data-start=\"1440\" data-end=\"1792\">El foro busca no solo generar discusi\u00f3n acad\u00e9mica, sino tambi\u00e9n motivar la participaci\u00f3n ciudadana en el dise\u00f1o de una ciudad m\u00e1s sostenible, ordenada y amigable con el entorno. Los organizadores insisten en que el crecimiento urbano debe ir de la mano con pol\u00edticas p\u00fablicas responsables que garanticen el equilibrio entre desarrollo y medio ambiente.<\/p>\n<p data-start=\"1440\" data-end=\"1792\">\n<\/p><p><iframe title=\"SEMINARIO SOBRE INNOVACI\u00d3N, SOSTENIBILIDAD Y DISE\u00d1O URBANO, R\u00cdOS Y CIUDADES EN SANTO DOMINGO\" width=\"800\" height=\"450\" src=\"https:\/\/www.youtube.com\/embed\/YzKXeigZCmQ?feature=oembed\" frameborder=\"0\" allow=\"accelerometer; autoplay; clipboard-write; encrypted-media; gyroscope; picture-in-picture; web-share\" referrerpolicy=\"strict-origin-when-cross-origin\" allowfullscreen><\/iframe><\/p>\n<\/body>","protected":false},"excerpt":{"rendered":"<p>Santo Domingo de los Ts\u00e1chilas contin\u00faa siendo una de las ciudades con mayor crecimiento urbano en Ecuador, lo que ha generado preocupaci\u00f3n entre ciudadanos, acad\u00e9micos y estudiantes por el desarrollo desordenado y el impacto ambiental que este proceso conlleva. Durante el foro acad\u00e9mico \u201cR\u00edos y Ciudades: Conectando cuerpos de agua a trav\u00e9s de la transformaci\u00f3n [&hellip;]<\/p>\n","protected":false},"author":4,"featured_media":19616,"comment_status":"closed","ping_status":"closed","sticky":false,"template":"","format":"standard","meta":{"om_disable_all_campaigns":false,"_joinchat":[],"footnotes":""},"categories":[31],"tags":[],"class_list":["post-19615","post","type-post","status-publish","format-standard","has-post-thumbnail","hentry","category-la-region"],"_links":{"self":[{"href":"https:\/\/zaracaytv.com\/index.php?rest_route=\/wp\/v2\/posts\/19615","targetHints":{"allow":["GET"]}}],"collection":[{"href":"https:\/\/zaracaytv.com\/index.php?rest_route=\/wp\/v2\/posts"}],"about":[{"href":"https:\/\/zaracaytv.com\/index.php?rest_route=\/wp\/v2\/types\/post"}],"author":[{"embeddable":true,"href":"https:\/\/zaracaytv.com\/index.php?rest_route=\/wp\/v2\/users\/4"}],"replies":[{"embeddable":true,"href":"https:\/\/zaracaytv.com\/index.php?rest_route=%2Fwp%2Fv2%2Fcomments&post=19615"}],"version-history":[{"count":3,"href":"https:\/\/zaracaytv.com\/index.php?rest_route=\/wp\/v2\/posts\/19615\/revisions"}],"predecessor-version":[{"id":19629,"href":"https:\/\/zaracaytv.com\/index.php?rest_route=\/wp\/v2\/posts\/19615\/revisions\/19629"}],"wp:featuredmedia":[{"embeddable":true,"href":"https:\/\/zaracaytv.com\/index.php?rest_route=\/wp\/v2\/media\/19616"}],"wp:attachment":[{"href":"https:\/\/zaracaytv.com\/index.php?rest_route=%2Fwp%2Fv2%2Fmedia&parent=19615"}],"wp:term":[{"taxonomy":"category","embeddable":true,"href":"https:\/\/zaracaytv.com\/index.php?rest_route=%2Fwp%2Fv2%2Fcategories&post=19615"},{"taxonomy":"post_tag","embeddable":true,"href":"https:\/\/zaracaytv.com\/index.php?rest_route=%2Fwp%2Fv2%2Ftags&post=19615"}],"curies":[{"name":"wp","href":"https:\/\/api.w.org\/{rel}","templated":true}]}}