{"id":19594,"date":"2025-04-30T11:10:38","date_gmt":"2025-04-30T16:10:38","guid":{"rendered":"https:\/\/zaracaytv.com\/?p=19594"},"modified":"2025-04-30T11:27:00","modified_gmt":"2025-04-30T16:27:00","slug":"ninos-y-jovenes-fueron-parte-del-proyecto-aventuras-literarias-impulsado-por-aimme","status":"publish","type":"post","link":"https:\/\/zaracaytv.com\/?p=19594","title":{"rendered":"NI\u00d1OS Y J\u00d3VENES FUERON PARTE DEL PROYECTO AVENTURAS LITERARIAS IMPULSADO POR AIMME"},"content":{"rendered":"<body><p><\/p><img loading=\"lazy\" decoding=\"async\" class=\"size-medium wp-image-19595 alignleft\" src=\"https:\/\/zaracaytv.com\/wp-content\/uploads\/2025\/04\/gtdjry-300x168.png\" alt=\"\" width=\"300\" height=\"168\" loading=\"lazy\" srcset=\"https:\/\/zaracaytv.com\/wp-content\/uploads\/2025\/04\/gtdjry-300x168.png 300w, https:\/\/zaracaytv.com\/wp-content\/uploads\/2025\/04\/gtdjry-1024x572.png 1024w, https:\/\/zaracaytv.com\/wp-content\/uploads\/2025\/04\/gtdjry-768x429.png 768w, https:\/\/zaracaytv.com\/wp-content\/uploads\/2025\/04\/gtdjry-1536x858.png 1536w, https:\/\/zaracaytv.com\/wp-content\/uploads\/2025\/04\/gtdjry-570x319.png 570w, https:\/\/zaracaytv.com\/wp-content\/uploads\/2025\/04\/gtdjry-270x151.png 270w, https:\/\/zaracaytv.com\/wp-content\/uploads\/2025\/04\/gtdjry.png 1632w\" sizes=\"auto, (max-width: 300px) 100vw, 300px\" \/>En Santo Domingo se realiz\u00f3 la clausura del proyecto Aventuras Literarias, el cual est\u00e1 enfocado en crear redes de apoyo para la comunidad de acogida y la poblaci\u00f3n migrante, donde los principales beneficiarios son los ni\u00f1os y adolescentes. M\u00f3nica Murillo, coordinadora del mismo, expres\u00f3 que el taller gratuito dur\u00f3 alrededor de un mes y fue una iniciativa para que los menores dejen de lado la tecnolog\u00eda y conozcan sus habilidades enfocadas en la lectura y la pintura.\n<p>Los peque\u00f1os que participaron en el proyecto y los padres de familia destacaron la importancia de promover las habilidades art\u00edsticas y de lectura a una temprana edad. 20 ni\u00f1os y j\u00f3venes fueron parte del mismo.<\/p>\n<p>Por su parte, Jonnathan P\u00e9rez, C\u00f3nsul de Colombia, manifest\u00f3 el compromiso que existe con los migrantes de aquel pa\u00eds para garantizar un acompa\u00f1amiento directo en la inserci\u00f3n del ciudadano en Ecuador.<img loading=\"lazy\" decoding=\"async\" class=\"size-medium wp-image-19596 alignright\" src=\"https:\/\/zaracaytv.com\/wp-content\/uploads\/2025\/04\/gjyu-300x166.png\" alt=\"\" width=\"300\" height=\"166\" loading=\"lazy\" srcset=\"https:\/\/zaracaytv.com\/wp-content\/uploads\/2025\/04\/gjyu-300x166.png 300w, https:\/\/zaracaytv.com\/wp-content\/uploads\/2025\/04\/gjyu-1024x567.png 1024w, https:\/\/zaracaytv.com\/wp-content\/uploads\/2025\/04\/gjyu-768x426.png 768w, https:\/\/zaracaytv.com\/wp-content\/uploads\/2025\/04\/gjyu-1536x851.png 1536w, https:\/\/zaracaytv.com\/wp-content\/uploads\/2025\/04\/gjyu-570x316.png 570w, https:\/\/zaracaytv.com\/wp-content\/uploads\/2025\/04\/gjyu-270x150.png 270w, https:\/\/zaracaytv.com\/wp-content\/uploads\/2025\/04\/gjyu.png 1624w\" sizes=\"auto, (max-width: 300px) 100vw, 300px\" \/><\/p>\n<p>Geisha Montilla, presidenta de Asociaci\u00f3n Integral de Mujeres Migrantes en Ecuador \u2013 Santo Domingo, realiz\u00f3 una invitaci\u00f3n a la ciudadan\u00eda ecuatoriana y a las personas en estado de movilidad humana a conocer los talleres en beneficio de la comunidad.<\/p>\n<p>Como parte de la clausura del taller de lectura y pintura se les entreg\u00f3 un kit escolar y una mochila a los ni\u00f1os para su regreso a clases. Desde AIMME se mencion\u00f3 que este proyecto se utiliz\u00f3 como base para los siguientes que se tiene planeado ejecutar en el cant\u00f3n.<\/p>\n<p>\u00a0<\/p>\n<p><iframe title=\"LA CIUDAD \u2013 NI\u00d1OS Y J\u00d3VENES FUERON PARTE DEL PROYECTO AVENTURAS LITERARIAS IMPULSADO POR AIMME\" width=\"800\" height=\"600\" src=\"https:\/\/www.youtube.com\/embed\/Z5JgbJ2NBhs?feature=oembed\" frameborder=\"0\" allow=\"accelerometer; autoplay; clipboard-write; encrypted-media; gyroscope; picture-in-picture; web-share\" referrerpolicy=\"strict-origin-when-cross-origin\" allowfullscreen><\/iframe><\/p>\n<p>\u00a0<\/p>\n<\/body>","protected":false},"excerpt":{"rendered":"<p>En Santo Domingo se realiz\u00f3 la clausura del proyecto Aventuras Literarias, el cual est\u00e1 enfocado en crear redes de apoyo para la comunidad de acogida y la poblaci\u00f3n migrante, donde los principales beneficiarios son los ni\u00f1os y adolescentes. M\u00f3nica Murillo, coordinadora del mismo, expres\u00f3 que el taller gratuito dur\u00f3 alrededor de un mes y fue [&hellip;]<\/p>\n","protected":false},"author":4,"featured_media":19596,"comment_status":"closed","ping_status":"closed","sticky":false,"template":"","format":"standard","meta":{"om_disable_all_campaigns":false,"_joinchat":[],"footnotes":""},"categories":[31],"tags":[],"class_list":["post-19594","post","type-post","status-publish","format-standard","has-post-thumbnail","hentry","category-la-region"],"_links":{"self":[{"href":"https:\/\/zaracaytv.com\/index.php?rest_route=\/wp\/v2\/posts\/19594","targetHints":{"allow":["GET"]}}],"collection":[{"href":"https:\/\/zaracaytv.com\/index.php?rest_route=\/wp\/v2\/posts"}],"about":[{"href":"https:\/\/zaracaytv.com\/index.php?rest_route=\/wp\/v2\/types\/post"}],"author":[{"embeddable":true,"href":"https:\/\/zaracaytv.com\/index.php?rest_route=\/wp\/v2\/users\/4"}],"replies":[{"embeddable":true,"href":"https:\/\/zaracaytv.com\/index.php?rest_route=%2Fwp%2Fv2%2Fcomments&post=19594"}],"version-history":[{"count":2,"href":"https:\/\/zaracaytv.com\/index.php?rest_route=\/wp\/v2\/posts\/19594\/revisions"}],"predecessor-version":[{"id":19603,"href":"https:\/\/zaracaytv.com\/index.php?rest_route=\/wp\/v2\/posts\/19594\/revisions\/19603"}],"wp:featuredmedia":[{"embeddable":true,"href":"https:\/\/zaracaytv.com\/index.php?rest_route=\/wp\/v2\/media\/19596"}],"wp:attachment":[{"href":"https:\/\/zaracaytv.com\/index.php?rest_route=%2Fwp%2Fv2%2Fmedia&parent=19594"}],"wp:term":[{"taxonomy":"category","embeddable":true,"href":"https:\/\/zaracaytv.com\/index.php?rest_route=%2Fwp%2Fv2%2Fcategories&post=19594"},{"taxonomy":"post_tag","embeddable":true,"href":"https:\/\/zaracaytv.com\/index.php?rest_route=%2Fwp%2Fv2%2Ftags&post=19594"}],"curies":[{"name":"wp","href":"https:\/\/api.w.org\/{rel}","templated":true}]}}