{"id":19580,"date":"2025-04-30T10:12:10","date_gmt":"2025-04-30T15:12:10","guid":{"rendered":"https:\/\/zaracaytv.com\/?p=19580"},"modified":"2025-04-30T11:32:10","modified_gmt":"2025-04-30T16:32:10","slug":"los-habitantes-del-comite-promejoras-asistieron-a-la-audiencia-sobre-el-estero-code-2","status":"publish","type":"post","link":"https:\/\/zaracaytv.com\/?p=19580","title":{"rendered":"LOS HABITANTES DEL COMIT\u00c9 PROMEJORAS ASISTIERON A LA AUDIENCIA SOBRE EL ESTERO CODE 2"},"content":{"rendered":"<body><p><\/p><img loading=\"lazy\" decoding=\"async\" class=\"size-medium wp-image-19582 alignleft\" src=\"https:\/\/zaracaytv.com\/wp-content\/uploads\/2025\/04\/hvjtgu-300x166.png\" alt=\"\" width=\"300\" height=\"166\" loading=\"lazy\" srcset=\"https:\/\/zaracaytv.com\/wp-content\/uploads\/2025\/04\/hvjtgu-300x166.png 300w, https:\/\/zaracaytv.com\/wp-content\/uploads\/2025\/04\/hvjtgu-1024x568.png 1024w, https:\/\/zaracaytv.com\/wp-content\/uploads\/2025\/04\/hvjtgu-768x426.png 768w, https:\/\/zaracaytv.com\/wp-content\/uploads\/2025\/04\/hvjtgu-1536x852.png 1536w, https:\/\/zaracaytv.com\/wp-content\/uploads\/2025\/04\/hvjtgu-570x316.png 570w, https:\/\/zaracaytv.com\/wp-content\/uploads\/2025\/04\/hvjtgu-270x150.png 270w, https:\/\/zaracaytv.com\/wp-content\/uploads\/2025\/04\/hvjtgu.png 1643w\" sizes=\"auto, (max-width: 300px) 100vw, 300px\" \/>Hasta\u00a0 la Corte Provincial de Justicia de Santo Domingo de los Ts\u00e1chilas llegaron los miembros del Comit\u00e9 Promejoras por la vida de los 4 barrios del Sur, de la ciudad de Santo Domingo, para asistir a la audiencia de revisi\u00f3n de Medidas Cautelares Constitucionales que protege al estero Code 2, de la urbanizaci\u00f3n Galo Plaza, que fue presentada por Luis Ballesteros, quien habr\u00eda logrado obtener los t\u00edtulos de propiedad de un espacio en la franja del afluente, donde antes se desarrollaba una feria ciudadana. El abogado que lleva esta causa judicial desde la parte accionante, record\u00f3 las fechas del proceso.\n<p>Los miembros ingresaron a la sala de audiencia. En el espacio colocaron un letrero donde se lee la disposici\u00f3n del Juez Jos\u00e9 Luis Maldonado Cando, en la que se especifica que se estar\u00eda actualmente lesionando a la Naturaleza, el ecosistema y biodiversidad, terreno del cual se dice es parte de una \u00e1rea Ecol\u00f3gica total de 1.729 m2.<\/p>\n<p>Los moradores de distintos sectores recordaron que el \u00e1rea de 1.729 metros cuadrados en su momento fue un espacio donde incluso sal\u00edan vertientes de agua natural. <img loading=\"lazy\" decoding=\"async\" class=\"size-medium wp-image-19583 alignright\" src=\"https:\/\/zaracaytv.com\/wp-content\/uploads\/2025\/04\/fyj-300x164.png\" alt=\"\" width=\"300\" height=\"164\" loading=\"lazy\" srcset=\"https:\/\/zaracaytv.com\/wp-content\/uploads\/2025\/04\/fyj-300x164.png 300w, https:\/\/zaracaytv.com\/wp-content\/uploads\/2025\/04\/fyj-1024x560.png 1024w, https:\/\/zaracaytv.com\/wp-content\/uploads\/2025\/04\/fyj-768x420.png 768w, https:\/\/zaracaytv.com\/wp-content\/uploads\/2025\/04\/fyj-1536x840.png 1536w, https:\/\/zaracaytv.com\/wp-content\/uploads\/2025\/04\/fyj-570x312.png 570w, https:\/\/zaracaytv.com\/wp-content\/uploads\/2025\/04\/fyj-270x148.png 270w, https:\/\/zaracaytv.com\/wp-content\/uploads\/2025\/04\/fyj.png 1634w\" sizes=\"auto, (max-width: 300px) 100vw, 300px\" \/><\/p>\n<p>La medida cautelar que otorg\u00f3 el\u00a0 Juez en primera instancia fue para impedir que construyan obras de infraestructura hasta que se resuelva en la justicia que estos espacios son \u00e1reas verdes. Los del Comit\u00e9 Promejoras indicaron que solo exigen respeto a la naturaleza y \u00e1reas comunales. Intentamos comunicarnos con Luis Ballesteros pero no obtuvimos una respuesta.<\/p>\n<p>\u00a0<\/p>\n<p><iframe title=\"LA CIUDAD - LOS HABITANTES DEL COMIT\u00c9 PROMEJORAS ASISTIERON A LA AUDIENCIA SOBRE EL ESTERO CODE 2\" width=\"800\" height=\"450\" src=\"https:\/\/www.youtube.com\/embed\/O_KmC5ZSBbo?feature=oembed\" frameborder=\"0\" allow=\"accelerometer; autoplay; clipboard-write; encrypted-media; gyroscope; picture-in-picture; web-share\" referrerpolicy=\"strict-origin-when-cross-origin\" allowfullscreen><\/iframe><\/p>\n<\/body>","protected":false},"excerpt":{"rendered":"<p>Hasta\u00a0 la Corte Provincial de Justicia de Santo Domingo de los Ts\u00e1chilas llegaron los miembros del Comit\u00e9 Promejoras por la vida de los 4 barrios del Sur, de la ciudad de Santo Domingo, para asistir a la audiencia de revisi\u00f3n de Medidas Cautelares Constitucionales que protege al estero Code 2, de la urbanizaci\u00f3n Galo Plaza, [&hellip;]<\/p>\n","protected":false},"author":4,"featured_media":19582,"comment_status":"closed","ping_status":"closed","sticky":false,"template":"","format":"standard","meta":{"om_disable_all_campaigns":false,"_joinchat":[],"footnotes":""},"categories":[31],"tags":[],"class_list":["post-19580","post","type-post","status-publish","format-standard","has-post-thumbnail","hentry","category-la-region"],"_links":{"self":[{"href":"https:\/\/zaracaytv.com\/index.php?rest_route=\/wp\/v2\/posts\/19580","targetHints":{"allow":["GET"]}}],"collection":[{"href":"https:\/\/zaracaytv.com\/index.php?rest_route=\/wp\/v2\/posts"}],"about":[{"href":"https:\/\/zaracaytv.com\/index.php?rest_route=\/wp\/v2\/types\/post"}],"author":[{"embeddable":true,"href":"https:\/\/zaracaytv.com\/index.php?rest_route=\/wp\/v2\/users\/4"}],"replies":[{"embeddable":true,"href":"https:\/\/zaracaytv.com\/index.php?rest_route=%2Fwp%2Fv2%2Fcomments&post=19580"}],"version-history":[{"count":2,"href":"https:\/\/zaracaytv.com\/index.php?rest_route=\/wp\/v2\/posts\/19580\/revisions"}],"predecessor-version":[{"id":19605,"href":"https:\/\/zaracaytv.com\/index.php?rest_route=\/wp\/v2\/posts\/19580\/revisions\/19605"}],"wp:featuredmedia":[{"embeddable":true,"href":"https:\/\/zaracaytv.com\/index.php?rest_route=\/wp\/v2\/media\/19582"}],"wp:attachment":[{"href":"https:\/\/zaracaytv.com\/index.php?rest_route=%2Fwp%2Fv2%2Fmedia&parent=19580"}],"wp:term":[{"taxonomy":"category","embeddable":true,"href":"https:\/\/zaracaytv.com\/index.php?rest_route=%2Fwp%2Fv2%2Fcategories&post=19580"},{"taxonomy":"post_tag","embeddable":true,"href":"https:\/\/zaracaytv.com\/index.php?rest_route=%2Fwp%2Fv2%2Ftags&post=19580"}],"curies":[{"name":"wp","href":"https:\/\/api.w.org\/{rel}","templated":true}]}}