{"id":19577,"date":"2025-04-30T09:55:10","date_gmt":"2025-04-30T14:55:10","guid":{"rendered":"https:\/\/zaracaytv.com\/?p=19577"},"modified":"2025-04-30T11:30:40","modified_gmt":"2025-04-30T16:30:40","slug":"usuarios-del-registro-civil-denunciaron-problemas-con-los-turnos-y-la-falta-de-cedulas","status":"publish","type":"post","link":"https:\/\/zaracaytv.com\/?p=19577","title":{"rendered":"USUARIOS DEL REGISTRO CIVIL DENUNCIARON PROBLEMAS CON LOS TURNOS Y LA FALTA DE C\u00c9DULAS"},"content":{"rendered":"<body><p><\/p><span style=\"font-weight: 400;\">Abarrotado de personas estuvo este 29 de abril el Registro Civil de Santo Domingo de los Ts\u00e1chilas. Esto gener\u00f3 varias molestias, en especial para las personas que pose\u00edan un turno para este d\u00eda, como el caso de Mar\u00eda Toala, quien con un cupo asignado de 11:00 am a 12:00 pm no pod\u00eda sacar la c\u00e9dula por primera vez, ella se\u00f1al\u00f3 como injusto que la hicieran esperar por horas para realizar este tr\u00e1mite, teniendo ya coordinado todo.<\/span>\n<p><span style=\"font-weight: 400;\">A este problema <img loading=\"lazy\" decoding=\"async\" class=\"size-medium wp-image-19578 alignleft\" src=\"https:\/\/zaracaytv.com\/wp-content\/uploads\/2025\/04\/srye-300x161.png\" alt=\"\" width=\"300\" height=\"161\" loading=\"lazy\" srcset=\"https:\/\/zaracaytv.com\/wp-content\/uploads\/2025\/04\/srye-300x161.png 300w, https:\/\/zaracaytv.com\/wp-content\/uploads\/2025\/04\/srye-1024x550.png 1024w, https:\/\/zaracaytv.com\/wp-content\/uploads\/2025\/04\/srye-768x412.png 768w, https:\/\/zaracaytv.com\/wp-content\/uploads\/2025\/04\/srye-1536x825.png 1536w, https:\/\/zaracaytv.com\/wp-content\/uploads\/2025\/04\/srye-570x306.png 570w, https:\/\/zaracaytv.com\/wp-content\/uploads\/2025\/04\/srye-270x145.png 270w, https:\/\/zaracaytv.com\/wp-content\/uploads\/2025\/04\/srye.png 1650w\" sizes=\"auto, (max-width: 300px) 100vw, 300px\" \/>se suma que varios usuarios tuvieron que hacer el proceso de cedulaci\u00f3n por algunos d\u00edas, para que luego les informen que su documento ser\u00e1 entregado despu\u00e9s de casi dos semanas, como le pas\u00f3 a Katty P\u00e1ez, una de las afectadas, quien cuestion\u00f3 adem\u00e1s la escasa presencia de funcionarios.<\/span><\/p>\n<p><span style=\"font-weight: 400;\">El problema de turnos tambi\u00e9n lo tuvieron las personas que deseaban renovar sus pasaportes. Dina Garc\u00e9s, otra usuaria, cuestion\u00f3 indignada la atenci\u00f3n dentro del Registro Civil. <\/span><\/p>\n<p><span style=\"font-weight: 400;\">Buscamos una entrevista con la encargada de la delegaci\u00f3n del Registro Civil en la provincia, sin embargo no obtuvimos respuesta. Esta situaci\u00f3n se ha intensificado despu\u00e9s de las elecciones del 13 de abril y previo al inicio de clases, seg\u00fan reportaron los usuarios consultados.\u00a0<\/span><\/p>\n<p>\u00a0<\/p>\n<p><iframe title=\"LA REGI\u00d3N \u2013 USUARIOS DEL REGISTRO CIVIL DENUNCIARON PROBLEMAS CON LOS TURNOS Y LA FALTA DE C\u00c9DULAS\" width=\"800\" height=\"450\" src=\"https:\/\/www.youtube.com\/embed\/BtjzZYw13eM?feature=oembed\" frameborder=\"0\" allow=\"accelerometer; autoplay; clipboard-write; encrypted-media; gyroscope; picture-in-picture; web-share\" referrerpolicy=\"strict-origin-when-cross-origin\" allowfullscreen><\/iframe><\/p>\n<\/body>","protected":false},"excerpt":{"rendered":"<p>Abarrotado de personas estuvo este 29 de abril el Registro Civil de Santo Domingo de los Ts\u00e1chilas. Esto gener\u00f3 varias molestias, en especial para las personas que pose\u00edan un turno para este d\u00eda, como el caso de Mar\u00eda Toala, quien con un cupo asignado de 11:00 am a 12:00 pm no pod\u00eda sacar la c\u00e9dula [&hellip;]<\/p>\n","protected":false},"author":4,"featured_media":19578,"comment_status":"closed","ping_status":"closed","sticky":false,"template":"","format":"standard","meta":{"om_disable_all_campaigns":false,"_joinchat":[],"footnotes":""},"categories":[31],"tags":[],"class_list":["post-19577","post","type-post","status-publish","format-standard","has-post-thumbnail","hentry","category-la-region"],"_links":{"self":[{"href":"https:\/\/zaracaytv.com\/index.php?rest_route=\/wp\/v2\/posts\/19577","targetHints":{"allow":["GET"]}}],"collection":[{"href":"https:\/\/zaracaytv.com\/index.php?rest_route=\/wp\/v2\/posts"}],"about":[{"href":"https:\/\/zaracaytv.com\/index.php?rest_route=\/wp\/v2\/types\/post"}],"author":[{"embeddable":true,"href":"https:\/\/zaracaytv.com\/index.php?rest_route=\/wp\/v2\/users\/4"}],"replies":[{"embeddable":true,"href":"https:\/\/zaracaytv.com\/index.php?rest_route=%2Fwp%2Fv2%2Fcomments&post=19577"}],"version-history":[{"count":3,"href":"https:\/\/zaracaytv.com\/index.php?rest_route=\/wp\/v2\/posts\/19577\/revisions"}],"predecessor-version":[{"id":19604,"href":"https:\/\/zaracaytv.com\/index.php?rest_route=\/wp\/v2\/posts\/19577\/revisions\/19604"}],"wp:featuredmedia":[{"embeddable":true,"href":"https:\/\/zaracaytv.com\/index.php?rest_route=\/wp\/v2\/media\/19578"}],"wp:attachment":[{"href":"https:\/\/zaracaytv.com\/index.php?rest_route=%2Fwp%2Fv2%2Fmedia&parent=19577"}],"wp:term":[{"taxonomy":"category","embeddable":true,"href":"https:\/\/zaracaytv.com\/index.php?rest_route=%2Fwp%2Fv2%2Fcategories&post=19577"},{"taxonomy":"post_tag","embeddable":true,"href":"https:\/\/zaracaytv.com\/index.php?rest_route=%2Fwp%2Fv2%2Ftags&post=19577"}],"curies":[{"name":"wp","href":"https:\/\/api.w.org\/{rel}","templated":true}]}}