{"id":19569,"date":"2025-04-29T21:00:43","date_gmt":"2025-04-30T02:00:43","guid":{"rendered":"https:\/\/zaracaytv.com\/?p=19569"},"modified":"2025-04-29T17:35:51","modified_gmt":"2025-04-29T22:35:51","slug":"19569","status":"publish","type":"post","link":"https:\/\/zaracaytv.com\/?p=19569","title":{"rendered":""},"content":{"rendered":"<body><p><\/p><span style=\"font-weight: 400;\">A las 04:00, un fuerte aguacero provoc\u00f3 el colapso parcial del cerro Mama Tepal, en la parroquia Santa Ana, al sur de <\/span><span style=\"font-weight: 400;\">Cue<\/span><span style=\"font-weight: 400;\">n<\/span><span style=\"font-weight: 400;\">c<\/span><span style=\"font-weight: 400;\">a<\/span><span style=\"font-weight: 400;\">. El deslizamiento destruy\u00f3 el taller de carpinter\u00eda de Luis Farf\u00e1n y puso en riesgo su vivienda. \u201cUna herramienta principal que yo ten\u00eda se me da\u00f1\u00f3, este era el sustento de mi vida, para mis hijos y mi hogar\u201d, relat\u00f3 el afectado.<\/span>\n<p><span style=\"font-weight: 400;\">Luis Farf\u00e1n y su<img loading=\"lazy\" decoding=\"async\" class=\"size-medium wp-image-19574 alignleft\" src=\"https:\/\/zaracaytv.com\/wp-content\/uploads\/2025\/04\/WhatsApp-Image-2025-04-29-at-12.01.26-PM-scaled-1-300x169.jpeg\" alt=\"\" width=\"300\" height=\"169\" loading=\"lazy\" srcset=\"https:\/\/zaracaytv.com\/wp-content\/uploads\/2025\/04\/WhatsApp-Image-2025-04-29-at-12.01.26-PM-scaled-1-300x169.jpeg 300w, https:\/\/zaracaytv.com\/wp-content\/uploads\/2025\/04\/WhatsApp-Image-2025-04-29-at-12.01.26-PM-scaled-1-1024x576.jpeg 1024w, https:\/\/zaracaytv.com\/wp-content\/uploads\/2025\/04\/WhatsApp-Image-2025-04-29-at-12.01.26-PM-scaled-1-768x432.jpeg 768w, https:\/\/zaracaytv.com\/wp-content\/uploads\/2025\/04\/WhatsApp-Image-2025-04-29-at-12.01.26-PM-scaled-1-1536x864.jpeg 1536w, https:\/\/zaracaytv.com\/wp-content\/uploads\/2025\/04\/WhatsApp-Image-2025-04-29-at-12.01.26-PM-scaled-1-2048x1152.jpeg 2048w, https:\/\/zaracaytv.com\/wp-content\/uploads\/2025\/04\/WhatsApp-Image-2025-04-29-at-12.01.26-PM-scaled-1-570x321.jpeg 570w, https:\/\/zaracaytv.com\/wp-content\/uploads\/2025\/04\/WhatsApp-Image-2025-04-29-at-12.01.26-PM-scaled-1-270x152.jpeg 270w\" sizes=\"auto, (max-width: 300px) 100vw, 300px\" \/> familia lograron evacuar a tiempo, y con esfuerzo rescataron algunos de sus electrodom\u00e9sticos y muebles. Otras cuatro viviendas cercanas tambi\u00e9n se encuentran en peligro, rodeadas por escombros por el deslave. Adem\u00e1s, dos hect\u00e1reas de cultivos de ma\u00edz, fr\u00e9jol y pastizales quedaron sepultadas.<\/span><\/p>\n<p><span style=\"font-weight: 400;\">La tierra alcanz\u00f3 la v\u00eda que conecta con cinco comunidades rurales, la cual permanece bloqueada. De acuerdo con el Departamento de Obras P\u00fablicas de la Prefectura del <\/span><span style=\"font-weight: 400;\">Azuay<\/span><span style=\"font-weight: 400;\">, se deslizaron aproximadamente 50 mil metros c\u00fabicos de sedimento. En el sitio, cuatro retroexcavadoras trabajan para retirar los escombros, mientras tres t\u00e9cnicos realizan estudios topogr\u00e1ficos con drones.<\/span><\/p>\n<p>\u00a0<\/p>\n<p>Fuente: Ecuavisa<\/p>\n<\/body>","protected":false},"excerpt":{"rendered":"<p>A las 04:00, un fuerte aguacero provoc\u00f3 el colapso parcial del cerro Mama Tepal, en la parroquia Santa Ana, al sur de Cuenca. El deslizamiento destruy\u00f3 el taller de carpinter\u00eda de Luis Farf\u00e1n y puso en riesgo su vivienda. \u201cUna herramienta principal que yo ten\u00eda se me da\u00f1\u00f3, este era el sustento de mi vida, [&hellip;]<\/p>\n","protected":false},"author":4,"featured_media":19574,"comment_status":"closed","ping_status":"closed","sticky":false,"template":"","format":"standard","meta":{"om_disable_all_campaigns":false,"_joinchat":[],"footnotes":""},"categories":[30],"tags":[],"class_list":["post-19569","post","type-post","status-publish","format-standard","has-post-thumbnail","hentry","category-el-pais"],"_links":{"self":[{"href":"https:\/\/zaracaytv.com\/index.php?rest_route=\/wp\/v2\/posts\/19569","targetHints":{"allow":["GET"]}}],"collection":[{"href":"https:\/\/zaracaytv.com\/index.php?rest_route=\/wp\/v2\/posts"}],"about":[{"href":"https:\/\/zaracaytv.com\/index.php?rest_route=\/wp\/v2\/types\/post"}],"author":[{"embeddable":true,"href":"https:\/\/zaracaytv.com\/index.php?rest_route=\/wp\/v2\/users\/4"}],"replies":[{"embeddable":true,"href":"https:\/\/zaracaytv.com\/index.php?rest_route=%2Fwp%2Fv2%2Fcomments&post=19569"}],"version-history":[{"count":1,"href":"https:\/\/zaracaytv.com\/index.php?rest_route=\/wp\/v2\/posts\/19569\/revisions"}],"predecessor-version":[{"id":19575,"href":"https:\/\/zaracaytv.com\/index.php?rest_route=\/wp\/v2\/posts\/19569\/revisions\/19575"}],"wp:featuredmedia":[{"embeddable":true,"href":"https:\/\/zaracaytv.com\/index.php?rest_route=\/wp\/v2\/media\/19574"}],"wp:attachment":[{"href":"https:\/\/zaracaytv.com\/index.php?rest_route=%2Fwp%2Fv2%2Fmedia&parent=19569"}],"wp:term":[{"taxonomy":"category","embeddable":true,"href":"https:\/\/zaracaytv.com\/index.php?rest_route=%2Fwp%2Fv2%2Fcategories&post=19569"},{"taxonomy":"post_tag","embeddable":true,"href":"https:\/\/zaracaytv.com\/index.php?rest_route=%2Fwp%2Fv2%2Ftags&post=19569"}],"curies":[{"name":"wp","href":"https:\/\/api.w.org\/{rel}","templated":true}]}}