{"id":19557,"date":"2025-04-29T16:46:38","date_gmt":"2025-04-29T21:46:38","guid":{"rendered":"https:\/\/zaracaytv.com\/?p=19557"},"modified":"2025-04-29T17:17:11","modified_gmt":"2025-04-29T22:17:11","slug":"organizaciones-sociales-y-gremios-de-trabajadores-convocaron-a-una-marcha-este-jueves-1-de-mayo","status":"publish","type":"post","link":"https:\/\/zaracaytv.com\/?p=19557","title":{"rendered":"ORGANIZACIONES SOCIALES Y GREMIOS DE TRABAJADORES CONVOCARON A UNA MARCHA ESTE JUEVES 1 DE MAYO"},"content":{"rendered":"<body><p><\/p><img loading=\"lazy\" decoding=\"async\" class=\"size-medium wp-image-19558 alignright\" src=\"https:\/\/zaracaytv.com\/wp-content\/uploads\/2025\/04\/FSGDSF-300x173.png\" alt=\"\" width=\"300\" height=\"173\" loading=\"lazy\" srcset=\"https:\/\/zaracaytv.com\/wp-content\/uploads\/2025\/04\/FSGDSF-300x173.png 300w, https:\/\/zaracaytv.com\/wp-content\/uploads\/2025\/04\/FSGDSF-1024x590.png 1024w, https:\/\/zaracaytv.com\/wp-content\/uploads\/2025\/04\/FSGDSF-768x442.png 768w, https:\/\/zaracaytv.com\/wp-content\/uploads\/2025\/04\/FSGDSF-1536x885.png 1536w, https:\/\/zaracaytv.com\/wp-content\/uploads\/2025\/04\/FSGDSF-570x328.png 570w, https:\/\/zaracaytv.com\/wp-content\/uploads\/2025\/04\/FSGDSF-270x156.png 270w, https:\/\/zaracaytv.com\/wp-content\/uploads\/2025\/04\/FSGDSF.png 1554w\" sizes=\"auto, (max-width: 300px) 100vw, 300px\" \/>Este jueves 1 de Mayo est\u00e1 previsto que se desarrollen marchas para conmemorar el d\u00eda del Trabajador. Las organizaciones sociales y gremios de Santo Domingo de los Ts\u00e1chilas indicaron que la cita ser\u00e1 en el redondel del C\u00edrculo de los Continentes, a las cinco de la tarde y recorrer\u00e1n las avenidas Quito, 29 de Mayo, hasta llegar al redondel del Indio Colorado, para retornar y culminar en el parque central Zaracay.\n<p>Los trabajadores indicaron que dejar\u00e1n un mensaje a las autoridades nacionales ante la posible eliminaci\u00f3n de la jubilaci\u00f3n patronal. Ahora esta es la principal preocupaci\u00f3n.<\/p>\n<p><img loading=\"lazy\" decoding=\"async\" class=\"size-medium wp-image-19559 alignleft\" src=\"https:\/\/zaracaytv.com\/wp-content\/uploads\/2025\/04\/JYI-300x170.png\" alt=\"\" width=\"300\" height=\"170\" loading=\"lazy\" srcset=\"https:\/\/zaracaytv.com\/wp-content\/uploads\/2025\/04\/JYI-300x170.png 300w, https:\/\/zaracaytv.com\/wp-content\/uploads\/2025\/04\/JYI-1024x579.png 1024w, https:\/\/zaracaytv.com\/wp-content\/uploads\/2025\/04\/JYI-768x435.png 768w, https:\/\/zaracaytv.com\/wp-content\/uploads\/2025\/04\/JYI-1536x869.png 1536w, https:\/\/zaracaytv.com\/wp-content\/uploads\/2025\/04\/JYI-570x323.png 570w, https:\/\/zaracaytv.com\/wp-content\/uploads\/2025\/04\/JYI-270x153.png 270w, https:\/\/zaracaytv.com\/wp-content\/uploads\/2025\/04\/JYI.png 1596w\" sizes=\"auto, (max-width: 300px) 100vw, 300px\" \/>Se\u00f1alaron que esta es una fecha para conmemorar la lucha hist\u00f3rica de los trabajadores por mejores condiciones laborales y derechos.<\/p>\n<p>En este d\u00eda tambi\u00e9n participar\u00e1n las mujeres en dos horarios: a las ocho de la ma\u00f1ana y a las cinco de la tarde en el recorrido general con la misma ruta.<\/p>\n<p>Ser\u00e1n m\u00e1s de 20 organizaciones sociales en la provincia que saldr\u00e1n a marchar en esta jornada. Ellos invitaron a los ciudadanos a que se sumen a esta actividad que recuerda a las autoridades los derechos de los trabajadores.<\/p>\n<p>\u00a0<\/p>\n<p><iframe title=\"LA REGI\u00d3N -  ORGANIZACIONES SOCIALES Y GREMIOS DE TRABAJADORES CONVOCARON A UNA MARCHA EL 1 DE MAYO\" width=\"800\" height=\"450\" src=\"https:\/\/www.youtube.com\/embed\/HfDalwx2kMQ?feature=oembed\" frameborder=\"0\" allow=\"accelerometer; autoplay; clipboard-write; encrypted-media; gyroscope; picture-in-picture; web-share\" referrerpolicy=\"strict-origin-when-cross-origin\" allowfullscreen><\/iframe><\/p>\n<\/body>","protected":false},"excerpt":{"rendered":"<p>Este jueves 1 de Mayo est\u00e1 previsto que se desarrollen marchas para conmemorar el d\u00eda del Trabajador. Las organizaciones sociales y gremios de Santo Domingo de los Ts\u00e1chilas indicaron que la cita ser\u00e1 en el redondel del C\u00edrculo de los Continentes, a las cinco de la tarde y recorrer\u00e1n las avenidas Quito, 29 de Mayo, [&hellip;]<\/p>\n","protected":false},"author":4,"featured_media":19558,"comment_status":"closed","ping_status":"closed","sticky":false,"template":"","format":"standard","meta":{"om_disable_all_campaigns":false,"_joinchat":[],"footnotes":""},"categories":[31],"tags":[],"class_list":["post-19557","post","type-post","status-publish","format-standard","has-post-thumbnail","hentry","category-la-region"],"_links":{"self":[{"href":"https:\/\/zaracaytv.com\/index.php?rest_route=\/wp\/v2\/posts\/19557","targetHints":{"allow":["GET"]}}],"collection":[{"href":"https:\/\/zaracaytv.com\/index.php?rest_route=\/wp\/v2\/posts"}],"about":[{"href":"https:\/\/zaracaytv.com\/index.php?rest_route=\/wp\/v2\/types\/post"}],"author":[{"embeddable":true,"href":"https:\/\/zaracaytv.com\/index.php?rest_route=\/wp\/v2\/users\/4"}],"replies":[{"embeddable":true,"href":"https:\/\/zaracaytv.com\/index.php?rest_route=%2Fwp%2Fv2%2Fcomments&post=19557"}],"version-history":[{"count":2,"href":"https:\/\/zaracaytv.com\/index.php?rest_route=\/wp\/v2\/posts\/19557\/revisions"}],"predecessor-version":[{"id":19572,"href":"https:\/\/zaracaytv.com\/index.php?rest_route=\/wp\/v2\/posts\/19557\/revisions\/19572"}],"wp:featuredmedia":[{"embeddable":true,"href":"https:\/\/zaracaytv.com\/index.php?rest_route=\/wp\/v2\/media\/19558"}],"wp:attachment":[{"href":"https:\/\/zaracaytv.com\/index.php?rest_route=%2Fwp%2Fv2%2Fmedia&parent=19557"}],"wp:term":[{"taxonomy":"category","embeddable":true,"href":"https:\/\/zaracaytv.com\/index.php?rest_route=%2Fwp%2Fv2%2Fcategories&post=19557"},{"taxonomy":"post_tag","embeddable":true,"href":"https:\/\/zaracaytv.com\/index.php?rest_route=%2Fwp%2Fv2%2Ftags&post=19557"}],"curies":[{"name":"wp","href":"https:\/\/api.w.org\/{rel}","templated":true}]}}