{"id":19538,"date":"2025-04-29T18:00:57","date_gmt":"2025-04-29T23:00:57","guid":{"rendered":"https:\/\/zaracaytv.com\/?p=19538"},"modified":"2025-04-29T11:59:53","modified_gmt":"2025-04-29T16:59:53","slug":"la-seleccion-de-ecuador-femenina-y-su-confianza-para-el-sudamericano-sub-17","status":"publish","type":"post","link":"https:\/\/zaracaytv.com\/?p=19538","title":{"rendered":"LA SELECCI\u00d3N DE ECUADOR FEMENINA Y SU CONFIANZA PARA EL SUDAMERICANO SUB 17"},"content":{"rendered":"<body><p><\/p><span style=\"font-weight: 400;\"><img loading=\"lazy\" decoding=\"async\" class=\"size-medium wp-image-19550 alignleft\" src=\"https:\/\/zaracaytv.com\/wp-content\/uploads\/2025\/04\/UHtg9a7Gl_1290x760__1-300x177.jpg\" alt=\"\" width=\"300\" height=\"177\" loading=\"lazy\" srcset=\"https:\/\/zaracaytv.com\/wp-content\/uploads\/2025\/04\/UHtg9a7Gl_1290x760__1-300x177.jpg 300w, https:\/\/zaracaytv.com\/wp-content\/uploads\/2025\/04\/UHtg9a7Gl_1290x760__1-1024x603.jpg 1024w, https:\/\/zaracaytv.com\/wp-content\/uploads\/2025\/04\/UHtg9a7Gl_1290x760__1-768x452.jpg 768w, https:\/\/zaracaytv.com\/wp-content\/uploads\/2025\/04\/UHtg9a7Gl_1290x760__1-560x330.jpg 560w, https:\/\/zaracaytv.com\/wp-content\/uploads\/2025\/04\/UHtg9a7Gl_1290x760__1-270x159.jpg 270w, https:\/\/zaracaytv.com\/wp-content\/uploads\/2025\/04\/UHtg9a7Gl_1290x760__1.jpg 1290w\" sizes=\"auto, (max-width: 300px) 100vw, 300px\" \/>Con la ilusi\u00f3n a flor de piel, el pasado viernes la Federaci\u00f3n Ecuatoriana de F\u00fatbol dio a conocer la lista de 22 jugadoras que representar\u00e1n al pa\u00eds en el Sudamericano Femenino Sub 17, que se disputar\u00e1 en Colombia. Las tricolores, que vienen de dar la sorpresa el a\u00f1o pasado, cuando se clasificaron al Mundial de esta categor\u00eda, quieren dar el salto otra vez, y se encuentran en el pico m\u00e1ximo de confianza.<\/span>\n<p><span style=\"font-weight: 400;\">La delegaci\u00f3n femenina ecuatoriana ya se encuentra en territorio cafetero, y, previo a ello, el profesor V\u00edctor Idrobo, entrenador del combinado, brind\u00f3 declaraciones en las que palpita lo que ser\u00e1 el torneo. Sentada a su lado, estaba Ammy Flores, una de las referentes del plantel, quien tambi\u00e9n mostr\u00f3 sus sensaciones.<\/span><\/p>\n<p><span style=\"font-weight: 400;\">\u201cEl grupo que nos toc\u00f3 es parejo, nosotros trabajamos desde la parte mental de las jugadoras, no le tenemos miedo a nadie, tenemos mucho respeto por los rivales, estamos conscientes de nuestra capacidad y de nuestro f\u00fatbol, para ganarle a cualquiera\u201d, coment\u00f3 el DT como principal.<\/span><\/p>\n<p><span style=\"font-weight: 400;\">Por su parte, Flores expres\u00f3: \u201cEl desempe\u00f1o grupal ha sido muy bueno, los trabajos con el cuerpo t\u00e9cnico muy intensos y exigentes y nosotras con la capacidad de pelear nuevamente por una clasificaci\u00f3n al Mundial\u201d.<\/span><\/p>\n<p><span style=\"font-weight: 400;\">El combinado tricolor reci\u00e9n debutar\u00e1 el s\u00e1bado 3 de mayo ante Per\u00fa en Palmira. El encuentro ser\u00e1 correspondiente por la segunda jornada del Grupo B, ya que tendr\u00e1n fecha libre en la primera. Si La Tri termina entre los tres primeros de su grupo, clasificar\u00e1 al Hexagonal Final, que entrega cuatro boletos al Mundial en Marruecos.<\/span><\/p>\n<p><span style=\"font-weight: 400;\">La lista de Ecuador para el Sudamericano Femenino Sub 17<\/span><\/p>\n<p><span style=\"font-weight: 400;\">Romina Leigue (LDU Quito)<\/span><\/p>\n<p><span style=\"font-weight: 400;\">Anal\u00eda Machuca (Independiente del Valle)<\/span><\/p>\n<p><span style=\"font-weight: 400;\">Nayeli Rodr\u00edguez (U. Cat\u00f3lica)<\/span><\/p>\n<p><span style=\"font-weight: 400;\">Esther Carabal\u00ed (Independiente del Valle)<\/span><\/p>\n<p><span style=\"font-weight: 400;\">Mait\u00e9 Zambrano (Independiente del Valle)<\/span><\/p>\n<p><span style=\"font-weight: 400;\">Xiomara Alc\u00edvar (LDU Quito)<\/span><\/p>\n<p><span style=\"font-weight: 400;\">Dayanna Andocilla (B\u00fahos ULVR FC)<\/span><\/p>\n<p><span style=\"font-weight: 400;\">Niurka Baja\u00f1a (Independiente del Valle)<\/span><\/p>\n<p><span style=\"font-weight: 400;\">Valeria Briones (Barcelona)<\/span><\/p>\n<p><span style=\"font-weight: 400;\">Rosa Estupi\u00f1\u00e1n (Independiente del Valle)<\/span><\/p>\n<p><span style=\"font-weight: 400;\">Emily Fierro (Independiente del Valle)<\/span><\/p>\n<p><span style=\"font-weight: 400;\">Zoe Garc\u00e9s (CFC Ole)<\/span><\/p>\n<p><span style=\"font-weight: 400;\">Mary Guerra (Independiente del Valle)<\/span><\/p>\n<p><span style=\"font-weight: 400;\">Mar\u00eda Loja (Independiente del Valle)<\/span><\/p>\n<p><span style=\"font-weight: 400;\">Erika L\u00f3pez (\u00d1a\u00f1as)<\/span><\/p>\n<p><span style=\"font-weight: 400;\">Emily Tamayo (LDU Quito)<\/span><\/p>\n<p><span style=\"font-weight: 400;\">Abigail Villac\u00eds (Independiente del Valle)<\/span><\/p>\n<p><span style=\"font-weight: 400;\">Ammy Flores (Independiente del Valle)<\/span><\/p>\n<p><span style=\"font-weight: 400;\">Scarlet Garaicoa (Barcelona)<\/span><\/p>\n<p><span style=\"font-weight: 400;\">Jaslym Valverde (Independiente del Valle)<\/span><\/p>\n<p><span style=\"font-weight: 400;\">Emily Vargas (Barcelona)<\/span><\/p>\n<p>\u00a0<\/p>\n<p>Fuente: Ol\u00e9<\/p>\n<\/body>","protected":false},"excerpt":{"rendered":"<p>Con la ilusi\u00f3n a flor de piel, el pasado viernes la Federaci\u00f3n Ecuatoriana de F\u00fatbol dio a conocer la lista de 22 jugadoras que representar\u00e1n al pa\u00eds en el Sudamericano Femenino Sub 17, que se disputar\u00e1 en Colombia. Las tricolores, que vienen de dar la sorpresa el a\u00f1o pasado, cuando se clasificaron al Mundial de [&hellip;]<\/p>\n","protected":false},"author":4,"featured_media":19550,"comment_status":"closed","ping_status":"closed","sticky":false,"template":"","format":"standard","meta":{"om_disable_all_campaigns":false,"_joinchat":[],"footnotes":""},"categories":[32],"tags":[],"class_list":["post-19538","post","type-post","status-publish","format-standard","has-post-thumbnail","hentry","category-deportes"],"_links":{"self":[{"href":"https:\/\/zaracaytv.com\/index.php?rest_route=\/wp\/v2\/posts\/19538","targetHints":{"allow":["GET"]}}],"collection":[{"href":"https:\/\/zaracaytv.com\/index.php?rest_route=\/wp\/v2\/posts"}],"about":[{"href":"https:\/\/zaracaytv.com\/index.php?rest_route=\/wp\/v2\/types\/post"}],"author":[{"embeddable":true,"href":"https:\/\/zaracaytv.com\/index.php?rest_route=\/wp\/v2\/users\/4"}],"replies":[{"embeddable":true,"href":"https:\/\/zaracaytv.com\/index.php?rest_route=%2Fwp%2Fv2%2Fcomments&post=19538"}],"version-history":[{"count":1,"href":"https:\/\/zaracaytv.com\/index.php?rest_route=\/wp\/v2\/posts\/19538\/revisions"}],"predecessor-version":[{"id":19551,"href":"https:\/\/zaracaytv.com\/index.php?rest_route=\/wp\/v2\/posts\/19538\/revisions\/19551"}],"wp:featuredmedia":[{"embeddable":true,"href":"https:\/\/zaracaytv.com\/index.php?rest_route=\/wp\/v2\/media\/19550"}],"wp:attachment":[{"href":"https:\/\/zaracaytv.com\/index.php?rest_route=%2Fwp%2Fv2%2Fmedia&parent=19538"}],"wp:term":[{"taxonomy":"category","embeddable":true,"href":"https:\/\/zaracaytv.com\/index.php?rest_route=%2Fwp%2Fv2%2Fcategories&post=19538"},{"taxonomy":"post_tag","embeddable":true,"href":"https:\/\/zaracaytv.com\/index.php?rest_route=%2Fwp%2Fv2%2Ftags&post=19538"}],"curies":[{"name":"wp","href":"https:\/\/api.w.org\/{rel}","templated":true}]}}