{"id":18487,"date":"2025-03-24T10:29:54","date_gmt":"2025-03-24T15:29:54","guid":{"rendered":"https:\/\/zaracaytv.com\/?p=18487"},"modified":"2025-03-24T10:29:54","modified_gmt":"2025-03-24T15:29:54","slug":"el-aumento-del-precio-del-acero-y-aluminio-efecta-a-talleres-que-trabajan-con-ellos","status":"publish","type":"post","link":"https:\/\/zaracaytv.com\/?p=18487","title":{"rendered":"EL AUMENTO DEL PRECIO DEL ACERO Y ALUMINIO EFECTA A TALLERES QUE TRABAJAN CON ELLOS"},"content":{"rendered":"<body><p><\/p><span style=\"font-weight: 400;\"><img loading=\"lazy\" decoding=\"async\" class=\"size-medium wp-image-18489 alignright\" src=\"https:\/\/zaracaytv.com\/wp-content\/uploads\/2025\/03\/SSGTER-300x180.png\" alt=\"\" width=\"300\" height=\"180\" loading=\"lazy\" srcset=\"https:\/\/zaracaytv.com\/wp-content\/uploads\/2025\/03\/SSGTER-300x180.png 300w, https:\/\/zaracaytv.com\/wp-content\/uploads\/2025\/03\/SSGTER-1024x615.png 1024w, https:\/\/zaracaytv.com\/wp-content\/uploads\/2025\/03\/SSGTER-768x461.png 768w, https:\/\/zaracaytv.com\/wp-content\/uploads\/2025\/03\/SSGTER-550x330.png 550w, https:\/\/zaracaytv.com\/wp-content\/uploads\/2025\/03\/SSGTER-270x162.png 270w, https:\/\/zaracaytv.com\/wp-content\/uploads\/2025\/03\/SSGTER.png 1246w\" sizes=\"auto, (max-width: 300px) 100vw, 300px\" \/>Desde inicios de este mes de marzo comenzaron a registrarse una mayor variaci\u00f3n de precios del aluminio y el acero, cont\u00f3 Marco Mac\u00edas, quien es administrador de una comercializadora de Aluminio. El Material con el que trabajan es el que m\u00e1s se ha encarecido, explic\u00f3.\u00a0<\/span>\n<p><span style=\"font-weight: 400;\"><img loading=\"lazy\" decoding=\"async\" class=\"size-medium wp-image-18491 alignleft\" src=\"https:\/\/zaracaytv.com\/wp-content\/uploads\/2025\/03\/AEREW-300x173.png\" alt=\"\" width=\"300\" height=\"173\" loading=\"lazy\" srcset=\"https:\/\/zaracaytv.com\/wp-content\/uploads\/2025\/03\/AEREW-300x173.png 300w, https:\/\/zaracaytv.com\/wp-content\/uploads\/2025\/03\/AEREW-1024x590.png 1024w, https:\/\/zaracaytv.com\/wp-content\/uploads\/2025\/03\/AEREW-768x443.png 768w, https:\/\/zaracaytv.com\/wp-content\/uploads\/2025\/03\/AEREW-570x328.png 570w, https:\/\/zaracaytv.com\/wp-content\/uploads\/2025\/03\/AEREW-270x156.png 270w, https:\/\/zaracaytv.com\/wp-content\/uploads\/2025\/03\/AEREW.png 1298w\" sizes=\"auto, (max-width: 300px) 100vw, 300px\" \/>Este panorama de escasez de oferta de estas materias primas se esperaba. Esto responde a los aranceles de Estados Unidos a las importaciones de aluminio y acero del 25%, que\u00a0 impactan a las econom\u00edas de Asia, Europa y Latinoam\u00e9rica.\u00a0<\/span><\/p>\n<p><span style=\"font-weight: 400;\"><img loading=\"lazy\" decoding=\"async\" class=\"size-medium wp-image-18490 alignleft\" src=\"https:\/\/zaracaytv.com\/wp-content\/uploads\/2025\/03\/RTER-300x170.png\" alt=\"\" width=\"300\" height=\"170\" loading=\"lazy\" srcset=\"https:\/\/zaracaytv.com\/wp-content\/uploads\/2025\/03\/RTER-300x170.png 300w, https:\/\/zaracaytv.com\/wp-content\/uploads\/2025\/03\/RTER-1024x580.png 1024w, https:\/\/zaracaytv.com\/wp-content\/uploads\/2025\/03\/RTER-768x435.png 768w, https:\/\/zaracaytv.com\/wp-content\/uploads\/2025\/03\/RTER-570x323.png 570w, https:\/\/zaracaytv.com\/wp-content\/uploads\/2025\/03\/RTER-270x153.png 270w, https:\/\/zaracaytv.com\/wp-content\/uploads\/2025\/03\/RTER.png 1304w\" sizes=\"auto, (max-width: 300px) 100vw, 300px\" \/>Adem\u00e1s, China est\u00e1 restringiendo su producci\u00f3n. Esto genera mucha preocupaci\u00f3n a la industria y en los talleres industriales que trabajan con aluminio indican que los clientes son los que se quejan por los nuevos precios.\u00a0<\/span><\/p>\n<p><span style=\"font-weight: 400;\">Ellos estiman que los precios se mantendr\u00e1n altos porque la situaci\u00f3n responde a factores externos.<\/span><\/p>\n<\/body>","protected":false},"excerpt":{"rendered":"<p>Desde inicios de este mes de marzo comenzaron a registrarse una mayor variaci\u00f3n de precios del aluminio y el acero, cont\u00f3 Marco Mac\u00edas, quien es administrador de una comercializadora de Aluminio. El Material con el que trabajan es el que m\u00e1s se ha encarecido, explic\u00f3.\u00a0 Este panorama de escasez de oferta de estas materias primas [&hellip;]<\/p>\n","protected":false},"author":4,"featured_media":18490,"comment_status":"closed","ping_status":"closed","sticky":false,"template":"","format":"standard","meta":{"om_disable_all_campaigns":false,"_joinchat":[],"footnotes":""},"categories":[31],"tags":[],"class_list":["post-18487","post","type-post","status-publish","format-standard","has-post-thumbnail","hentry","category-la-region"],"_links":{"self":[{"href":"https:\/\/zaracaytv.com\/index.php?rest_route=\/wp\/v2\/posts\/18487","targetHints":{"allow":["GET"]}}],"collection":[{"href":"https:\/\/zaracaytv.com\/index.php?rest_route=\/wp\/v2\/posts"}],"about":[{"href":"https:\/\/zaracaytv.com\/index.php?rest_route=\/wp\/v2\/types\/post"}],"author":[{"embeddable":true,"href":"https:\/\/zaracaytv.com\/index.php?rest_route=\/wp\/v2\/users\/4"}],"replies":[{"embeddable":true,"href":"https:\/\/zaracaytv.com\/index.php?rest_route=%2Fwp%2Fv2%2Fcomments&post=18487"}],"version-history":[{"count":1,"href":"https:\/\/zaracaytv.com\/index.php?rest_route=\/wp\/v2\/posts\/18487\/revisions"}],"predecessor-version":[{"id":18492,"href":"https:\/\/zaracaytv.com\/index.php?rest_route=\/wp\/v2\/posts\/18487\/revisions\/18492"}],"wp:featuredmedia":[{"embeddable":true,"href":"https:\/\/zaracaytv.com\/index.php?rest_route=\/wp\/v2\/media\/18490"}],"wp:attachment":[{"href":"https:\/\/zaracaytv.com\/index.php?rest_route=%2Fwp%2Fv2%2Fmedia&parent=18487"}],"wp:term":[{"taxonomy":"category","embeddable":true,"href":"https:\/\/zaracaytv.com\/index.php?rest_route=%2Fwp%2Fv2%2Fcategories&post=18487"},{"taxonomy":"post_tag","embeddable":true,"href":"https:\/\/zaracaytv.com\/index.php?rest_route=%2Fwp%2Fv2%2Ftags&post=18487"}],"curies":[{"name":"wp","href":"https:\/\/api.w.org\/{rel}","templated":true}]}}