{"id":18483,"date":"2025-03-24T10:25:40","date_gmt":"2025-03-24T15:25:40","guid":{"rendered":"https:\/\/zaracaytv.com\/?p=18483"},"modified":"2025-03-24T10:25:40","modified_gmt":"2025-03-24T15:25:40","slug":"el-cacao-se-convirtio-en-el-segundo-producto-mas-exportado-del-ecuador","status":"publish","type":"post","link":"https:\/\/zaracaytv.com\/?p=18483","title":{"rendered":"EL CACAO SE CONVIRTI\u00d3 EN EL SEGUNDO PRODUCTO M\u00c1S EXPORTADO DEL ECUADOR"},"content":{"rendered":"<body><p><\/p><img loading=\"lazy\" decoding=\"async\" class=\"size-medium wp-image-18484 alignright\" src=\"https:\/\/zaracaytv.com\/wp-content\/uploads\/2025\/03\/FDSRHGDF-300x170.png\" alt=\"\" width=\"300\" height=\"170\" loading=\"lazy\" srcset=\"https:\/\/zaracaytv.com\/wp-content\/uploads\/2025\/03\/FDSRHGDF-300x170.png 300w, https:\/\/zaracaytv.com\/wp-content\/uploads\/2025\/03\/FDSRHGDF-1024x580.png 1024w, https:\/\/zaracaytv.com\/wp-content\/uploads\/2025\/03\/FDSRHGDF-768x435.png 768w, https:\/\/zaracaytv.com\/wp-content\/uploads\/2025\/03\/FDSRHGDF-570x323.png 570w, https:\/\/zaracaytv.com\/wp-content\/uploads\/2025\/03\/FDSRHGDF-270x153.png 270w, https:\/\/zaracaytv.com\/wp-content\/uploads\/2025\/03\/FDSRHGDF.png 1223w\" sizes=\"auto, (max-width: 300px) 100vw, 300px\" \/>El cacao se convirti\u00f3 en enero en el segundo producto m\u00e1s exportado por Ecuador. Incluso desplazando al banano, la Pepa de Oro gener\u00f3 ingresos para el pa\u00eds de $517 millones, impulsado por un precio de $10.361 por tonelada. Esto representa un crecimiento del 331% en valor exportado. Siendo uno de los art\u00edculos no petroleros con mayor demanda. Gladys Jumbo, propietaria de un centro de acopio en Santo Domingo se\u00f1al\u00f3 que esto ha sido positivo para la econom\u00eda de los agricultores y compradores.\n<p><img loading=\"lazy\" decoding=\"async\" class=\"size-medium wp-image-18485 alignleft\" src=\"https:\/\/zaracaytv.com\/wp-content\/uploads\/2025\/03\/ETY-300x169.png\" alt=\"\" width=\"300\" height=\"169\" loading=\"lazy\" srcset=\"https:\/\/zaracaytv.com\/wp-content\/uploads\/2025\/03\/ETY-300x169.png 300w, https:\/\/zaracaytv.com\/wp-content\/uploads\/2025\/03\/ETY-1024x578.png 1024w, https:\/\/zaracaytv.com\/wp-content\/uploads\/2025\/03\/ETY-768x434.png 768w, https:\/\/zaracaytv.com\/wp-content\/uploads\/2025\/03\/ETY-570x322.png 570w, https:\/\/zaracaytv.com\/wp-content\/uploads\/2025\/03\/ETY-270x152.png 270w, https:\/\/zaracaytv.com\/wp-content\/uploads\/2025\/03\/ETY.png 1305w\" sizes=\"auto, (max-width: 300px) 100vw, 300px\" \/>Sin embargo, se\u00f1ala que en los \u00faltimos meses el precio del cacao ha bajado notoriamente. A inicio del a\u00f1o su valor alcanz\u00f3 hasta los $550 el quintal, en pepa seca, y ahora se comercializa por cerca de $200 a $300, agreg\u00f3 que esto se debe a dos factores uno ellos problemas con la industria.<\/p>\n<p>Otro factor ha sido que la temporada de cosecha ha terminado en varias fincas seg\u00fan manifest\u00f3 Franco Jim\u00e9nez, quien compra cacao. Acot\u00f3 que si bien su valor disminuy\u00f3 a\u00fan se est\u00e1 generando ganancias aceptables con la Pepa de Oro. <img loading=\"lazy\" decoding=\"async\" class=\"size-medium wp-image-18486 alignright\" src=\"https:\/\/zaracaytv.com\/wp-content\/uploads\/2025\/03\/ADFG-300x169.png\" alt=\"\" width=\"300\" height=\"169\" loading=\"lazy\" srcset=\"https:\/\/zaracaytv.com\/wp-content\/uploads\/2025\/03\/ADFG-300x169.png 300w, https:\/\/zaracaytv.com\/wp-content\/uploads\/2025\/03\/ADFG-1024x575.png 1024w, https:\/\/zaracaytv.com\/wp-content\/uploads\/2025\/03\/ADFG-768x432.png 768w, https:\/\/zaracaytv.com\/wp-content\/uploads\/2025\/03\/ADFG-570x320.png 570w, https:\/\/zaracaytv.com\/wp-content\/uploads\/2025\/03\/ADFG-270x152.png 270w, https:\/\/zaracaytv.com\/wp-content\/uploads\/2025\/03\/ADFG.png 1274w\" sizes=\"auto, (max-width: 300px) 100vw, 300px\" \/><\/p>\n<p>El pa\u00eds que m\u00e1s recibe exportaciones ecuatorianas es Estados Unidos, el cual se consolid\u00f3 como el principal destino, con un incremento del 52% , mientras que la Uni\u00f3n Europea registr\u00f3 un aumento del 69% y China mantuvo su posici\u00f3n como tercer mercado m\u00e1s importante. En conjunto, estos tres destinos representaron el 64% del valor total exportado.<\/p>\n<p>\u00a0<\/p>\n<\/body>","protected":false},"excerpt":{"rendered":"<p>El cacao se convirti\u00f3 en enero en el segundo producto m\u00e1s exportado por Ecuador. Incluso desplazando al banano, la Pepa de Oro gener\u00f3 ingresos para el pa\u00eds de $517 millones, impulsado por un precio de $10.361 por tonelada. Esto representa un crecimiento del 331% en valor exportado. Siendo uno de los art\u00edculos no petroleros con [&hellip;]<\/p>\n","protected":false},"author":4,"featured_media":18484,"comment_status":"closed","ping_status":"closed","sticky":false,"template":"","format":"standard","meta":{"om_disable_all_campaigns":false,"_joinchat":[],"footnotes":""},"categories":[31],"tags":[],"class_list":["post-18483","post","type-post","status-publish","format-standard","has-post-thumbnail","hentry","category-la-region"],"_links":{"self":[{"href":"https:\/\/zaracaytv.com\/index.php?rest_route=\/wp\/v2\/posts\/18483","targetHints":{"allow":["GET"]}}],"collection":[{"href":"https:\/\/zaracaytv.com\/index.php?rest_route=\/wp\/v2\/posts"}],"about":[{"href":"https:\/\/zaracaytv.com\/index.php?rest_route=\/wp\/v2\/types\/post"}],"author":[{"embeddable":true,"href":"https:\/\/zaracaytv.com\/index.php?rest_route=\/wp\/v2\/users\/4"}],"replies":[{"embeddable":true,"href":"https:\/\/zaracaytv.com\/index.php?rest_route=%2Fwp%2Fv2%2Fcomments&post=18483"}],"version-history":[{"count":1,"href":"https:\/\/zaracaytv.com\/index.php?rest_route=\/wp\/v2\/posts\/18483\/revisions"}],"predecessor-version":[{"id":18488,"href":"https:\/\/zaracaytv.com\/index.php?rest_route=\/wp\/v2\/posts\/18483\/revisions\/18488"}],"wp:featuredmedia":[{"embeddable":true,"href":"https:\/\/zaracaytv.com\/index.php?rest_route=\/wp\/v2\/media\/18484"}],"wp:attachment":[{"href":"https:\/\/zaracaytv.com\/index.php?rest_route=%2Fwp%2Fv2%2Fmedia&parent=18483"}],"wp:term":[{"taxonomy":"category","embeddable":true,"href":"https:\/\/zaracaytv.com\/index.php?rest_route=%2Fwp%2Fv2%2Fcategories&post=18483"},{"taxonomy":"post_tag","embeddable":true,"href":"https:\/\/zaracaytv.com\/index.php?rest_route=%2Fwp%2Fv2%2Ftags&post=18483"}],"curies":[{"name":"wp","href":"https:\/\/api.w.org\/{rel}","templated":true}]}}