{"id":18468,"date":"2025-03-21T16:28:57","date_gmt":"2025-03-21T21:28:57","guid":{"rendered":"https:\/\/zaracaytv.com\/?p=18468"},"modified":"2025-03-21T16:38:06","modified_gmt":"2025-03-21T21:38:06","slug":"feria-de-intercambio-de-semillas-y-saberes-ancestrales-en-santo-domingo-de-los-tsachilas","status":"publish","type":"post","link":"https:\/\/zaracaytv.com\/?p=18468","title":{"rendered":"FERIA DE INTERCAMBIO DE SEMILLAS Y SABERES ANCESTRALES EN SANTO DOMINGO DE LOS TS\u00c1CHILAS"},"content":{"rendered":"<body><p><\/p><span style=\"font-weight: 400;\"><img loading=\"lazy\" decoding=\"async\" class=\"size-medium wp-image-18469 alignleft\" src=\"https:\/\/zaracaytv.com\/wp-content\/uploads\/2025\/03\/fyuty-300x169.png\" alt=\"\" width=\"300\" height=\"169\" loading=\"lazy\" srcset=\"https:\/\/zaracaytv.com\/wp-content\/uploads\/2025\/03\/fyuty-300x169.png 300w, https:\/\/zaracaytv.com\/wp-content\/uploads\/2025\/03\/fyuty-1024x578.png 1024w, https:\/\/zaracaytv.com\/wp-content\/uploads\/2025\/03\/fyuty-768x433.png 768w, https:\/\/zaracaytv.com\/wp-content\/uploads\/2025\/03\/fyuty-570x322.png 570w, https:\/\/zaracaytv.com\/wp-content\/uploads\/2025\/03\/fyuty-270x152.png 270w, https:\/\/zaracaytv.com\/wp-content\/uploads\/2025\/03\/fyuty.png 1290w\" sizes=\"auto, (max-width: 300px) 100vw, 300px\" \/>En un esfuerzo por promover la conservaci\u00f3n de la biodiversidad y el conocimiento ancestral, Santo Domingo de los Ts\u00e1chilas fue sede de la primera Feria de Intercambio de Semillas y Saberes Ancestrales. Este evento, que tuvo lugar en el bosque An\u00e1logo San Jos\u00e9, reuni\u00f3 a productores, agricultores y expertos en el sector para compartir e intercambiar semillas de diversas especies nativas y ancestrales. Mar\u00eda Miranda, subsecretaria de Agricultura Familiar Campesina, destac\u00f3 la importancia de esta iniciativa para fortalecer la pr\u00e1ctica de una agricultura sostenible y respetuosa con el medio ambiente.\u00a0 <img loading=\"lazy\" decoding=\"async\" class=\"size-medium wp-image-18470 alignright\" src=\"https:\/\/zaracaytv.com\/wp-content\/uploads\/2025\/03\/tyr-300x191.png\" alt=\"\" width=\"300\" height=\"191\" loading=\"lazy\" srcset=\"https:\/\/zaracaytv.com\/wp-content\/uploads\/2025\/03\/tyr-300x191.png 300w, https:\/\/zaracaytv.com\/wp-content\/uploads\/2025\/03\/tyr-1024x653.png 1024w, https:\/\/zaracaytv.com\/wp-content\/uploads\/2025\/03\/tyr-768x489.png 768w, https:\/\/zaracaytv.com\/wp-content\/uploads\/2025\/03\/tyr-518x330.png 518w, https:\/\/zaracaytv.com\/wp-content\/uploads\/2025\/03\/tyr-270x172.png 270w, https:\/\/zaracaytv.com\/wp-content\/uploads\/2025\/03\/tyr.png 1155w\" sizes=\"auto, (max-width: 300px) 100vw, 300px\" \/><\/span>\n<p><span style=\"font-weight: 400;\">Durante la feria, se hicieron intercambios de semillas de cultivos como caf\u00e9, naranja y cacao, adem\u00e1s de variedades ancestrales que forman parte del legado agr\u00edcola del pa\u00eds. Esta iniciativa se enmarca dentro del concepto de agricultura familiar campesina, con el objetivo de expandir conocimientos y fomentar la llegada de m\u00e1s productores nacionales al mercado europeo. Para lograrlo, se prioriza una producci\u00f3n libre de deforestaci\u00f3n y trabajo infantil, garantizando as\u00ed pr\u00e1cticas \u00e9ticas y sostenibles.<\/span><\/p>\n<p><span style=\"font-weight: 400;\"><img loading=\"lazy\" decoding=\"async\" class=\"size-medium wp-image-18471 alignleft\" src=\"https:\/\/zaracaytv.com\/wp-content\/uploads\/2025\/03\/reyr-300x177.png\" alt=\"\" width=\"300\" height=\"177\" loading=\"lazy\" srcset=\"https:\/\/zaracaytv.com\/wp-content\/uploads\/2025\/03\/reyr-300x177.png 300w, https:\/\/zaracaytv.com\/wp-content\/uploads\/2025\/03\/reyr-1024x606.png 1024w, https:\/\/zaracaytv.com\/wp-content\/uploads\/2025\/03\/reyr-768x454.png 768w, https:\/\/zaracaytv.com\/wp-content\/uploads\/2025\/03\/reyr-558x330.png 558w, https:\/\/zaracaytv.com\/wp-content\/uploads\/2025\/03\/reyr-270x160.png 270w, https:\/\/zaracaytv.com\/wp-content\/uploads\/2025\/03\/reyr.png 1243w\" sizes=\"auto, (max-width: 300px) 100vw, 300px\" \/>En el contexto de la agricultura en Ecuador, el 100% de la producci\u00f3n nacional est\u00e1 destinada al consumo local. Sin embargo, gracias a la articulaci\u00f3n con otras entidades p\u00fablicas, se busca impulsar la participaci\u00f3n de j\u00f3venes en el sector para asegurar el relevo generacional. Adem\u00e1s, los organizadores subrayaron la importancia del respeto a la naturaleza y la preservaci\u00f3n de los ecosistemas.<\/span><\/p>\n<p><span style=\"font-weight: 400;\">La feria no solo permiti\u00f3 el intercambio de semillas, sino tambi\u00e9n de saberes que fortalecer\u00e1n la agricultura sustentable en el pa\u00eds.<\/span><\/p>\n<p>\u00a0<\/p>\n<p><iframe title=\"LA REGI\u00d3N - FERIA DE INTERCAMBIO DE SEMILLAS Y SABERES ANCESTRALES EN SANTO DOMINGO DE LOS TS\u00c1CHILAS\" width=\"800\" height=\"450\" src=\"https:\/\/www.youtube.com\/embed\/ayoKYGXjcXs?feature=oembed\" frameborder=\"0\" allow=\"accelerometer; autoplay; clipboard-write; encrypted-media; gyroscope; picture-in-picture; web-share\" referrerpolicy=\"strict-origin-when-cross-origin\" allowfullscreen><\/iframe><\/p>\n<\/body>","protected":false},"excerpt":{"rendered":"<p>En un esfuerzo por promover la conservaci\u00f3n de la biodiversidad y el conocimiento ancestral, Santo Domingo de los Ts\u00e1chilas fue sede de la primera Feria de Intercambio de Semillas y Saberes Ancestrales. Este evento, que tuvo lugar en el bosque An\u00e1logo San Jos\u00e9, reuni\u00f3 a productores, agricultores y expertos en el sector para compartir e [&hellip;]<\/p>\n","protected":false},"author":4,"featured_media":18469,"comment_status":"closed","ping_status":"closed","sticky":false,"template":"","format":"standard","meta":{"om_disable_all_campaigns":false,"_joinchat":[],"footnotes":""},"categories":[31],"tags":[],"class_list":["post-18468","post","type-post","status-publish","format-standard","has-post-thumbnail","hentry","category-la-region"],"_links":{"self":[{"href":"https:\/\/zaracaytv.com\/index.php?rest_route=\/wp\/v2\/posts\/18468","targetHints":{"allow":["GET"]}}],"collection":[{"href":"https:\/\/zaracaytv.com\/index.php?rest_route=\/wp\/v2\/posts"}],"about":[{"href":"https:\/\/zaracaytv.com\/index.php?rest_route=\/wp\/v2\/types\/post"}],"author":[{"embeddable":true,"href":"https:\/\/zaracaytv.com\/index.php?rest_route=\/wp\/v2\/users\/4"}],"replies":[{"embeddable":true,"href":"https:\/\/zaracaytv.com\/index.php?rest_route=%2Fwp%2Fv2%2Fcomments&post=18468"}],"version-history":[{"count":3,"href":"https:\/\/zaracaytv.com\/index.php?rest_route=\/wp\/v2\/posts\/18468\/revisions"}],"predecessor-version":[{"id":18479,"href":"https:\/\/zaracaytv.com\/index.php?rest_route=\/wp\/v2\/posts\/18468\/revisions\/18479"}],"wp:featuredmedia":[{"embeddable":true,"href":"https:\/\/zaracaytv.com\/index.php?rest_route=\/wp\/v2\/media\/18469"}],"wp:attachment":[{"href":"https:\/\/zaracaytv.com\/index.php?rest_route=%2Fwp%2Fv2%2Fmedia&parent=18468"}],"wp:term":[{"taxonomy":"category","embeddable":true,"href":"https:\/\/zaracaytv.com\/index.php?rest_route=%2Fwp%2Fv2%2Fcategories&post=18468"},{"taxonomy":"post_tag","embeddable":true,"href":"https:\/\/zaracaytv.com\/index.php?rest_route=%2Fwp%2Fv2%2Ftags&post=18468"}],"curies":[{"name":"wp","href":"https:\/\/api.w.org\/{rel}","templated":true}]}}