{"id":18268,"date":"2025-03-18T10:49:38","date_gmt":"2025-03-18T15:49:38","guid":{"rendered":"https:\/\/zaracaytv.com\/?p=18268"},"modified":"2025-03-18T11:32:10","modified_gmt":"2025-03-18T16:32:10","slug":"veeduria-ciudadana-advierte-sobre-retrasos-en-procesos-para-la-universidad-de-santo-domingo","status":"publish","type":"post","link":"https:\/\/zaracaytv.com\/?p=18268","title":{"rendered":"VEEDUR\u00cdA CIUDADANA ADVIERTE SOBRE RETRASOS EN PROCESOS PARA LA UNIVERSIDAD DE SANTO DOMINGO"},"content":{"rendered":"<body><p><\/p><span style=\"font-weight: 400;\"><img loading=\"lazy\" decoding=\"async\" class=\"size-medium wp-image-18269 alignleft\" src=\"https:\/\/zaracaytv.com\/wp-content\/uploads\/2025\/03\/adg-300x167.png\" alt=\"\" width=\"300\" height=\"167\" loading=\"lazy\" srcset=\"https:\/\/zaracaytv.com\/wp-content\/uploads\/2025\/03\/adg-300x167.png 300w, https:\/\/zaracaytv.com\/wp-content\/uploads\/2025\/03\/adg-1024x569.png 1024w, https:\/\/zaracaytv.com\/wp-content\/uploads\/2025\/03\/adg-768x427.png 768w, https:\/\/zaracaytv.com\/wp-content\/uploads\/2025\/03\/adg-570x317.png 570w, https:\/\/zaracaytv.com\/wp-content\/uploads\/2025\/03\/adg-270x150.png 270w, https:\/\/zaracaytv.com\/wp-content\/uploads\/2025\/03\/adg.png 1339w\" sizes=\"auto, (max-width: 300px) 100vw, 300px\" \/>La Comisi\u00f3n Gestora a\u00fan no est\u00e1 habilitada para brindar informaci\u00f3n sobre el avance en la creaci\u00f3n de la Universidad P\u00fablica para Santo Domingo de los Ts\u00e1chilas. Es el secretario de la Secretar\u00eda de Educaci\u00f3n Superior, Ciencia, Tecnolog\u00eda e Innovaci\u00f3n (Senescyt), C\u00e9sar V\u00e1squez, quien ha dado detalles sobre este proceso, pese a que la Comisi\u00f3n se instal\u00f3 el 11 de diciembre de 2024 para cumplir con varias disposiciones de ley. V\u00e1squez asegur\u00f3 que se han cumplido tres de las cinco disposiciones transitorias establecidas.<\/span>\n<p><span style=\"font-weight: 400;\">Sin embargo, el coordinador de la Veedur\u00eda Ciudadana, Rodrigo Garc\u00eda, expres\u00f3 sus dudas sobre los avances mencionados por el representante de la Senescyt. Se\u00f1al\u00f3 que ha solicitado informaci\u00f3n, pero lo entregado solo corresponde a un proceso espec\u00edfico.<\/span><\/p>\n<p><span style=\"font-weight: 400;\">Garc\u00eda afirm\u00f3 que continuar\u00e1n exigiendo m\u00e1s detalles sobre el cumplimiento de las disposiciones transitorias. <img loading=\"lazy\" decoding=\"async\" class=\"size-medium wp-image-18270 alignright\" src=\"https:\/\/zaracaytv.com\/wp-content\/uploads\/2025\/03\/srfg-300x161.png\" alt=\"\" width=\"300\" height=\"161\" loading=\"lazy\" srcset=\"https:\/\/zaracaytv.com\/wp-content\/uploads\/2025\/03\/srfg-300x161.png 300w, https:\/\/zaracaytv.com\/wp-content\/uploads\/2025\/03\/srfg-1024x551.png 1024w, https:\/\/zaracaytv.com\/wp-content\/uploads\/2025\/03\/srfg-768x413.png 768w, https:\/\/zaracaytv.com\/wp-content\/uploads\/2025\/03\/srfg-570x307.png 570w, https:\/\/zaracaytv.com\/wp-content\/uploads\/2025\/03\/srfg-270x145.png 270w, https:\/\/zaracaytv.com\/wp-content\/uploads\/2025\/03\/srfg.png 1333w\" sizes=\"auto, (max-width: 300px) 100vw, 300px\" \/><\/span><\/p>\n<p><span style=\"font-weight: 400;\">El asamble\u00edsta por Santo Domingo de los Ts\u00e1chilas, Geovanny Ben\u00edtez, tambi\u00e9n mostr\u00f3 preocupaci\u00f3n ante esta situaci\u00f3n. Asegur\u00f3 que ha solicitado informaci\u00f3n, pero las respuestas recibidas no han despejado sus inquietudes. Por ello, analiza la posibilidad de solicitar un informe a trav\u00e9s de la comisi\u00f3n de la Asamblea Nacional.<\/span><\/p>\n<p><span style=\"font-weight: 400;\">Otros grupos de la sociedad civil tambi\u00e9n se mantienen vigilantes respecto a este proyecto. La Veedur\u00eda Ciudadana, por su parte, eval\u00faa reunirse esta semana para tomar medidas que garanticen el acceso a informaci\u00f3n clara y transparente.<\/span><\/p>\n<p>\u00a0<\/p>\n<p><iframe title=\"LA CIUDAD - HAY RETRASOS EN PROCESOS PARA LA CREACI\u00d3N DE LA UNIVERSIDAD DE SANTO DOMINGO\" width=\"800\" height=\"450\" src=\"https:\/\/www.youtube.com\/embed\/RR2-FKZSrUc?feature=oembed\" frameborder=\"0\" allow=\"accelerometer; autoplay; clipboard-write; encrypted-media; gyroscope; picture-in-picture; web-share\" referrerpolicy=\"strict-origin-when-cross-origin\" allowfullscreen><\/iframe><\/p>\n<\/body>","protected":false},"excerpt":{"rendered":"<p>La Comisi\u00f3n Gestora a\u00fan no est\u00e1 habilitada para brindar informaci\u00f3n sobre el avance en la creaci\u00f3n de la Universidad P\u00fablica para Santo Domingo de los Ts\u00e1chilas. Es el secretario de la Secretar\u00eda de Educaci\u00f3n Superior, Ciencia, Tecnolog\u00eda e Innovaci\u00f3n (Senescyt), C\u00e9sar V\u00e1squez, quien ha dado detalles sobre este proceso, pese a que la Comisi\u00f3n se [&hellip;]<\/p>\n","protected":false},"author":4,"featured_media":18270,"comment_status":"closed","ping_status":"closed","sticky":false,"template":"","format":"standard","meta":{"om_disable_all_campaigns":false,"_joinchat":[],"footnotes":""},"categories":[31],"tags":[],"class_list":["post-18268","post","type-post","status-publish","format-standard","has-post-thumbnail","hentry","category-la-region"],"_links":{"self":[{"href":"https:\/\/zaracaytv.com\/index.php?rest_route=\/wp\/v2\/posts\/18268","targetHints":{"allow":["GET"]}}],"collection":[{"href":"https:\/\/zaracaytv.com\/index.php?rest_route=\/wp\/v2\/posts"}],"about":[{"href":"https:\/\/zaracaytv.com\/index.php?rest_route=\/wp\/v2\/types\/post"}],"author":[{"embeddable":true,"href":"https:\/\/zaracaytv.com\/index.php?rest_route=\/wp\/v2\/users\/4"}],"replies":[{"embeddable":true,"href":"https:\/\/zaracaytv.com\/index.php?rest_route=%2Fwp%2Fv2%2Fcomments&post=18268"}],"version-history":[{"count":2,"href":"https:\/\/zaracaytv.com\/index.php?rest_route=\/wp\/v2\/posts\/18268\/revisions"}],"predecessor-version":[{"id":18291,"href":"https:\/\/zaracaytv.com\/index.php?rest_route=\/wp\/v2\/posts\/18268\/revisions\/18291"}],"wp:featuredmedia":[{"embeddable":true,"href":"https:\/\/zaracaytv.com\/index.php?rest_route=\/wp\/v2\/media\/18270"}],"wp:attachment":[{"href":"https:\/\/zaracaytv.com\/index.php?rest_route=%2Fwp%2Fv2%2Fmedia&parent=18268"}],"wp:term":[{"taxonomy":"category","embeddable":true,"href":"https:\/\/zaracaytv.com\/index.php?rest_route=%2Fwp%2Fv2%2Fcategories&post=18268"},{"taxonomy":"post_tag","embeddable":true,"href":"https:\/\/zaracaytv.com\/index.php?rest_route=%2Fwp%2Fv2%2Ftags&post=18268"}],"curies":[{"name":"wp","href":"https:\/\/api.w.org\/{rel}","templated":true}]}}