{"id":18257,"date":"2025-03-17T16:47:51","date_gmt":"2025-03-17T21:47:51","guid":{"rendered":"https:\/\/zaracaytv.com\/?p=18257"},"modified":"2025-03-17T17:12:45","modified_gmt":"2025-03-17T22:12:45","slug":"el-cne-presento-su-calendario-para-la-segunda-vuelta-electoral","status":"publish","type":"post","link":"https:\/\/zaracaytv.com\/?p=18257","title":{"rendered":"EL CNE PRESENT\u00d3 SU CALENDARIO PARA LA SEGUNDA VUELTA ELECTORAL"},"content":{"rendered":"<body><p><\/p><img loading=\"lazy\" decoding=\"async\" class=\"size-medium wp-image-18258 alignleft\" src=\"https:\/\/zaracaytv.com\/wp-content\/uploads\/2025\/03\/fhdg-300x155.png\" alt=\"\" width=\"300\" height=\"155\" loading=\"lazy\" srcset=\"https:\/\/zaracaytv.com\/wp-content\/uploads\/2025\/03\/fhdg-300x155.png 300w, https:\/\/zaracaytv.com\/wp-content\/uploads\/2025\/03\/fhdg-1024x530.png 1024w, https:\/\/zaracaytv.com\/wp-content\/uploads\/2025\/03\/fhdg-768x398.png 768w, https:\/\/zaracaytv.com\/wp-content\/uploads\/2025\/03\/fhdg-570x295.png 570w, https:\/\/zaracaytv.com\/wp-content\/uploads\/2025\/03\/fhdg-270x140.png 270w, https:\/\/zaracaytv.com\/wp-content\/uploads\/2025\/03\/fhdg-850x438.png 850w, https:\/\/zaracaytv.com\/wp-content\/uploads\/2025\/03\/fhdg.png 1321w\" sizes=\"auto, (max-width: 300px) 100vw, 300px\" \/>La segunda vuelta electoral cada d\u00eda est\u00e1 m\u00e1s cerca. Seg\u00fan el cronograma del Consejo Nacional Electoral, este 23 de marzo se desarrollar\u00e1 el debate con cinco ejes tem\u00e1ticos, en el cual Luisa Gonz\u00e1lez y Daniel Noboa podr\u00e1n verse cara a cara por segunda vez.\u00a0 El 24 de marzo arrancar\u00e1 la campa\u00f1a electoral y se extender\u00e1 hasta el 10 de abril. El 6 de abril se efectuar\u00e1 el simulacro a escala nacional y el 7 de abril llegar\u00e1n los paquetes electorales, mencion\u00f3 Bel\u00e9n Alarc\u00f3n, directora provincial del CNE.\n<p>La funcionaria se\u00f1al\u00f3 que, posterior a esta fecha, exactamente el 10 de abril, se realizar\u00e1 la votaci\u00f3n para las personas privadas de la libertad sin sentencia ejecutoriada, con 175 PPL empadronados. Mientras que el 11 de abril se llevar\u00e1 a cabo el Voto en Casa y el 12 de abril se desplegar\u00e1n los paquetes electorales en los 145 recintos electorales de la provincia.<img loading=\"lazy\" decoding=\"async\" class=\"size-medium wp-image-18259 alignright\" src=\"https:\/\/zaracaytv.com\/wp-content\/uploads\/2025\/03\/swry-300x183.png\" alt=\"\" width=\"300\" height=\"183\" loading=\"lazy\" srcset=\"https:\/\/zaracaytv.com\/wp-content\/uploads\/2025\/03\/swry-300x183.png 300w, https:\/\/zaracaytv.com\/wp-content\/uploads\/2025\/03\/swry-1024x626.png 1024w, https:\/\/zaracaytv.com\/wp-content\/uploads\/2025\/03\/swry-768x470.png 768w, https:\/\/zaracaytv.com\/wp-content\/uploads\/2025\/03\/swry-540x330.png 540w, https:\/\/zaracaytv.com\/wp-content\/uploads\/2025\/03\/swry-270x165.png 270w, https:\/\/zaracaytv.com\/wp-content\/uploads\/2025\/03\/swry.png 1048w\" sizes=\"auto, (max-width: 300px) 100vw, 300px\" \/><\/p>\n<p>Para estas elecciones, el CNE ha informado a la ciudadan\u00eda sobre una variaci\u00f3n: la prohibici\u00f3n del uso de dispositivos m\u00f3viles durante la votaci\u00f3n. En el caso de los miembros de las Juntas Receptoras del Voto, solo uno podr\u00e1 usar su celular para realizar c\u00e1lculos y llenar las actas de escrutinio. Adem\u00e1s, ellos ser\u00e1n los encargados de hacer cumplir esta nueva disposici\u00f3n. La multa para quienes incumplan ser\u00e1 de entre 21 y 70 salarios b\u00e1sicos unificados, se\u00f1al\u00f3 V\u00edctor Valderrama, presidente de la Junta Provincial Electoral.<\/p>\n<p>Durante la primera vuelta electoral, Santo Domingo de los Ts\u00e1chilas fue la tercera provincia en entregar los resultados. Se espera que, para esta segunda vuelta, logre ser la primera, seg\u00fan mencion\u00f3 la direcci\u00f3n provincial.<\/p>\n<p>\u00a0<\/p>\n<p><iframe title=\"LA REGI\u00d3N \u2013 EL CNE PRESENT\u00d3 SU CALENDARIO PARA LA SEGUNDA VUELTA ELECTORAL\" width=\"800\" height=\"450\" src=\"https:\/\/www.youtube.com\/embed\/zmbzZGM7oMU?feature=oembed\" frameborder=\"0\" allow=\"accelerometer; autoplay; clipboard-write; encrypted-media; gyroscope; picture-in-picture; web-share\" referrerpolicy=\"strict-origin-when-cross-origin\" allowfullscreen><\/iframe><\/p>\n<\/body>","protected":false},"excerpt":{"rendered":"<p>La segunda vuelta electoral cada d\u00eda est\u00e1 m\u00e1s cerca. Seg\u00fan el cronograma del Consejo Nacional Electoral, este 23 de marzo se desarrollar\u00e1 el debate con cinco ejes tem\u00e1ticos, en el cual Luisa Gonz\u00e1lez y Daniel Noboa podr\u00e1n verse cara a cara por segunda vez.\u00a0 El 24 de marzo arrancar\u00e1 la campa\u00f1a electoral y se extender\u00e1 [&hellip;]<\/p>\n","protected":false},"author":4,"featured_media":18258,"comment_status":"closed","ping_status":"closed","sticky":false,"template":"","format":"standard","meta":{"om_disable_all_campaigns":false,"_joinchat":[],"footnotes":""},"categories":[31],"tags":[],"class_list":["post-18257","post","type-post","status-publish","format-standard","has-post-thumbnail","hentry","category-la-region"],"_links":{"self":[{"href":"https:\/\/zaracaytv.com\/index.php?rest_route=\/wp\/v2\/posts\/18257","targetHints":{"allow":["GET"]}}],"collection":[{"href":"https:\/\/zaracaytv.com\/index.php?rest_route=\/wp\/v2\/posts"}],"about":[{"href":"https:\/\/zaracaytv.com\/index.php?rest_route=\/wp\/v2\/types\/post"}],"author":[{"embeddable":true,"href":"https:\/\/zaracaytv.com\/index.php?rest_route=\/wp\/v2\/users\/4"}],"replies":[{"embeddable":true,"href":"https:\/\/zaracaytv.com\/index.php?rest_route=%2Fwp%2Fv2%2Fcomments&post=18257"}],"version-history":[{"count":3,"href":"https:\/\/zaracaytv.com\/index.php?rest_route=\/wp\/v2\/posts\/18257\/revisions"}],"predecessor-version":[{"id":18263,"href":"https:\/\/zaracaytv.com\/index.php?rest_route=\/wp\/v2\/posts\/18257\/revisions\/18263"}],"wp:featuredmedia":[{"embeddable":true,"href":"https:\/\/zaracaytv.com\/index.php?rest_route=\/wp\/v2\/media\/18258"}],"wp:attachment":[{"href":"https:\/\/zaracaytv.com\/index.php?rest_route=%2Fwp%2Fv2%2Fmedia&parent=18257"}],"wp:term":[{"taxonomy":"category","embeddable":true,"href":"https:\/\/zaracaytv.com\/index.php?rest_route=%2Fwp%2Fv2%2Fcategories&post=18257"},{"taxonomy":"post_tag","embeddable":true,"href":"https:\/\/zaracaytv.com\/index.php?rest_route=%2Fwp%2Fv2%2Ftags&post=18257"}],"curies":[{"name":"wp","href":"https:\/\/api.w.org\/{rel}","templated":true}]}}