{"id":18238,"date":"2025-03-17T11:04:58","date_gmt":"2025-03-17T16:04:58","guid":{"rendered":"https:\/\/zaracaytv.com\/?p=18238"},"modified":"2025-03-17T17:23:13","modified_gmt":"2025-03-17T22:23:13","slug":"el-ingreso-al-bypass-quito-quevedo-se-encuentra-deteriorado","status":"publish","type":"post","link":"https:\/\/zaracaytv.com\/?p=18238","title":{"rendered":"EL INGRESO AL BYPASS QUITO \u2013 QUEVEDO SE ENCUENTRA DETERIORADO"},"content":{"rendered":"<body><p><\/p><img loading=\"lazy\" decoding=\"async\" class=\"size-medium wp-image-18239 alignleft\" src=\"https:\/\/zaracaytv.com\/wp-content\/uploads\/2025\/03\/SDETG-300x188.png\" alt=\"\" width=\"300\" height=\"188\" loading=\"lazy\" srcset=\"https:\/\/zaracaytv.com\/wp-content\/uploads\/2025\/03\/SDETG-300x188.png 300w, https:\/\/zaracaytv.com\/wp-content\/uploads\/2025\/03\/SDETG-1024x640.png 1024w, https:\/\/zaracaytv.com\/wp-content\/uploads\/2025\/03\/SDETG-768x480.png 768w, https:\/\/zaracaytv.com\/wp-content\/uploads\/2025\/03\/SDETG-528x330.png 528w, https:\/\/zaracaytv.com\/wp-content\/uploads\/2025\/03\/SDETG-270x169.png 270w, https:\/\/zaracaytv.com\/wp-content\/uploads\/2025\/03\/SDETG.png 1142w\" sizes=\"auto, (max-width: 300px) 100vw, 300px\" \/>Destruido se encuentra este tramo ubicado en el inicio del by pass Quito \u2013 Quevedo. Los veh\u00edculos sortean su suerte al circular por este acceso, el cual ha empeorado debido al invierno. Enormes baches se han formado dificultando el paso de los conductores. En los huecos se han colocado piedras para evitar accidentes de tr\u00e1nsito.\n<p>Los vecinos de la zona se\u00f1alan que circular por el sitio es riesgoso en la noche debido a la escasa iluminaci\u00f3n. Ellos piden que se coloquen l\u00e1mparas en la parte baja del puente. <img loading=\"lazy\" decoding=\"async\" class=\"size-medium wp-image-18240 alignright\" src=\"https:\/\/zaracaytv.com\/wp-content\/uploads\/2025\/03\/ADEGT-300x172.png\" alt=\"\" width=\"300\" height=\"172\" loading=\"lazy\" srcset=\"https:\/\/zaracaytv.com\/wp-content\/uploads\/2025\/03\/ADEGT-300x172.png 300w, https:\/\/zaracaytv.com\/wp-content\/uploads\/2025\/03\/ADEGT-1024x588.png 1024w, https:\/\/zaracaytv.com\/wp-content\/uploads\/2025\/03\/ADEGT-768x441.png 768w, https:\/\/zaracaytv.com\/wp-content\/uploads\/2025\/03\/ADEGT-570x327.png 570w, https:\/\/zaracaytv.com\/wp-content\/uploads\/2025\/03\/ADEGT-270x155.png 270w, https:\/\/zaracaytv.com\/wp-content\/uploads\/2025\/03\/ADEGT.png 1248w\" sizes=\"auto, (max-width: 300px) 100vw, 300px\" \/><\/p>\n<p>Los mayores afectados con esta problem\u00e1tica han sido los transportistas de carga pesada, los cuales han sido asaltados en varias ocasiones. Ellos piden seguridad en este punto \u00e1lgido.<\/p>\n<p>Buscamos una versi\u00f3n del director distrital del Ministerio de Transporte y Obras P\u00fablicas, sin embargo nos mencionaron que no estaba disponible para una entrevista. Ante el incremento de las lluvias los moradores del sector piden se intervenga de urgencia este tramo.<\/p>\n<p>\u00a0<\/p>\n<p><iframe title=\"LA COMUNIDAD - EL INGRESO AL BYPASS QUITO \u2013 QUEVEDO SE ENCUENTRA DETERIORADO\" width=\"800\" height=\"450\" src=\"https:\/\/www.youtube.com\/embed\/im420TLGOJ8?feature=oembed\" frameborder=\"0\" allow=\"accelerometer; autoplay; clipboard-write; encrypted-media; gyroscope; picture-in-picture; web-share\" referrerpolicy=\"strict-origin-when-cross-origin\" allowfullscreen><\/iframe><\/p>\n<\/body>","protected":false},"excerpt":{"rendered":"<p>Destruido se encuentra este tramo ubicado en el inicio del by pass Quito \u2013 Quevedo. Los veh\u00edculos sortean su suerte al circular por este acceso, el cual ha empeorado debido al invierno. Enormes baches se han formado dificultando el paso de los conductores. En los huecos se han colocado piedras para evitar accidentes de tr\u00e1nsito. [&hellip;]<\/p>\n","protected":false},"author":4,"featured_media":18239,"comment_status":"closed","ping_status":"closed","sticky":false,"template":"","format":"standard","meta":{"om_disable_all_campaigns":false,"_joinchat":[],"footnotes":""},"categories":[31],"tags":[],"class_list":["post-18238","post","type-post","status-publish","format-standard","has-post-thumbnail","hentry","category-la-region"],"_links":{"self":[{"href":"https:\/\/zaracaytv.com\/index.php?rest_route=\/wp\/v2\/posts\/18238","targetHints":{"allow":["GET"]}}],"collection":[{"href":"https:\/\/zaracaytv.com\/index.php?rest_route=\/wp\/v2\/posts"}],"about":[{"href":"https:\/\/zaracaytv.com\/index.php?rest_route=\/wp\/v2\/types\/post"}],"author":[{"embeddable":true,"href":"https:\/\/zaracaytv.com\/index.php?rest_route=\/wp\/v2\/users\/4"}],"replies":[{"embeddable":true,"href":"https:\/\/zaracaytv.com\/index.php?rest_route=%2Fwp%2Fv2%2Fcomments&post=18238"}],"version-history":[{"count":2,"href":"https:\/\/zaracaytv.com\/index.php?rest_route=\/wp\/v2\/posts\/18238\/revisions"}],"predecessor-version":[{"id":18246,"href":"https:\/\/zaracaytv.com\/index.php?rest_route=\/wp\/v2\/posts\/18238\/revisions\/18246"}],"wp:featuredmedia":[{"embeddable":true,"href":"https:\/\/zaracaytv.com\/index.php?rest_route=\/wp\/v2\/media\/18239"}],"wp:attachment":[{"href":"https:\/\/zaracaytv.com\/index.php?rest_route=%2Fwp%2Fv2%2Fmedia&parent=18238"}],"wp:term":[{"taxonomy":"category","embeddable":true,"href":"https:\/\/zaracaytv.com\/index.php?rest_route=%2Fwp%2Fv2%2Fcategories&post=18238"},{"taxonomy":"post_tag","embeddable":true,"href":"https:\/\/zaracaytv.com\/index.php?rest_route=%2Fwp%2Fv2%2Ftags&post=18238"}],"curies":[{"name":"wp","href":"https:\/\/api.w.org\/{rel}","templated":true}]}}