{"id":18232,"date":"2025-03-17T10:55:37","date_gmt":"2025-03-17T15:55:37","guid":{"rendered":"https:\/\/zaracaytv.com\/?p=18232"},"modified":"2025-03-18T17:10:03","modified_gmt":"2025-03-18T22:10:03","slug":"parterres-con-mucha-maleza-dificultan-la-visibilidad-en-la-av-puerto-ila","status":"publish","type":"post","link":"https:\/\/zaracaytv.com\/?p=18232","title":{"rendered":"PARTERRES CON MUCHA MALEZA DIFICULTAN LA VISIBILIDAD EN LA AV. PUERTO ILA"},"content":{"rendered":"<body><p><\/p><img loading=\"lazy\" decoding=\"async\" class=\"size-medium wp-image-18233 alignleft\" src=\"https:\/\/zaracaytv.com\/wp-content\/uploads\/2025\/03\/VISI-300x181.png\" alt=\"\" width=\"300\" height=\"181\" loading=\"lazy\" srcset=\"https:\/\/zaracaytv.com\/wp-content\/uploads\/2025\/03\/VISI-300x181.png 300w, https:\/\/zaracaytv.com\/wp-content\/uploads\/2025\/03\/VISI-1024x617.png 1024w, https:\/\/zaracaytv.com\/wp-content\/uploads\/2025\/03\/VISI-768x463.png 768w, https:\/\/zaracaytv.com\/wp-content\/uploads\/2025\/03\/VISI-548x330.png 548w, https:\/\/zaracaytv.com\/wp-content\/uploads\/2025\/03\/VISI-270x163.png 270w, https:\/\/zaracaytv.com\/wp-content\/uploads\/2025\/03\/VISI.png 1157w\" sizes=\"auto, (max-width: 300px) 100vw, 300px\" \/>En la avenida Puerto Ila ubicada en el sector de La Moreira la maleza ha ganado terreno. Tanto as\u00ed que una de sus esculturas apenas y se visualiza. Esto adem\u00e1s, est\u00e1 complicando la visibilidad para quienes circulan por el sitio. Los vecinos piden la intervenci\u00f3n de las autoridades.\n<p>El problema en esta zona se agrava, pues desde hace varios meses este sem\u00e1foro no funciona denuncian los conductores. Esto ha complicado que los veh\u00edculos que vienen de la avenida Puerto Ila y quieren incorporarse a la avenida Quevedo lo hagan con el riesgo de accidentarse. <img loading=\"lazy\" decoding=\"async\" class=\"size-medium wp-image-18234 alignright\" src=\"https:\/\/zaracaytv.com\/wp-content\/uploads\/2025\/03\/CGHJ-300x171.png\" alt=\"\" width=\"300\" height=\"171\" loading=\"lazy\" srcset=\"https:\/\/zaracaytv.com\/wp-content\/uploads\/2025\/03\/CGHJ-300x171.png 300w, https:\/\/zaracaytv.com\/wp-content\/uploads\/2025\/03\/CGHJ-1024x584.png 1024w, https:\/\/zaracaytv.com\/wp-content\/uploads\/2025\/03\/CGHJ-768x438.png 768w, https:\/\/zaracaytv.com\/wp-content\/uploads\/2025\/03\/CGHJ-570x325.png 570w, https:\/\/zaracaytv.com\/wp-content\/uploads\/2025\/03\/CGHJ-270x154.png 270w, https:\/\/zaracaytv.com\/wp-content\/uploads\/2025\/03\/CGHJ.png 1272w\" sizes=\"auto, (max-width: 300px) 100vw, 300px\" \/><\/p>\n<p>Pocos metros m\u00e1s arriba en este punto, los moradores <img loading=\"lazy\" decoding=\"async\" class=\"size-medium wp-image-18235 alignleft\" src=\"https:\/\/zaracaytv.com\/wp-content\/uploads\/2025\/03\/DT-300x163.png\" alt=\"\" width=\"300\" height=\"163\" loading=\"lazy\" srcset=\"https:\/\/zaracaytv.com\/wp-content\/uploads\/2025\/03\/DT-300x163.png 300w, https:\/\/zaracaytv.com\/wp-content\/uploads\/2025\/03\/DT-1024x555.png 1024w, https:\/\/zaracaytv.com\/wp-content\/uploads\/2025\/03\/DT-768x416.png 768w, https:\/\/zaracaytv.com\/wp-content\/uploads\/2025\/03\/DT-570x309.png 570w, https:\/\/zaracaytv.com\/wp-content\/uploads\/2025\/03\/DT-270x146.png 270w, https:\/\/zaracaytv.com\/wp-content\/uploads\/2025\/03\/DT.png 1304w\" sizes=\"auto, (max-width: 300px) 100vw, 300px\" \/>denuncian que desde hace varios meses esta alcantarilla ha colapsado. Hacen un llamado a la Empresa P\u00fablica Municipal de Agua Potable y Alcantarillado, entidad encargada de esta competencia a intervenir.<\/p>\n<p>Adem\u00e1s, los vecinos explican que cada vez que llueve la avenida Puerto Ila se inunda debido a que el ducto que pasa por el acceso se encuentra tapado. Piden la ayuda de EPMAPA SD.<\/p>\n<p>\u00a0<\/p>\n<p><iframe title=\"LA COMUNIDAD - LA MALEZA DE LOS PARTERRES DE LA AV. PUERTO ILA DIFICULTA  LA VISIBILIDAD\" width=\"800\" height=\"450\" src=\"https:\/\/www.youtube.com\/embed\/VYig96-Faso?feature=oembed\" frameborder=\"0\" allow=\"accelerometer; autoplay; clipboard-write; encrypted-media; gyroscope; picture-in-picture; web-share\" referrerpolicy=\"strict-origin-when-cross-origin\" allowfullscreen><\/iframe><\/p>\n<\/body>","protected":false},"excerpt":{"rendered":"<p>En la avenida Puerto Ila ubicada en el sector de La Moreira la maleza ha ganado terreno. Tanto as\u00ed que una de sus esculturas apenas y se visualiza. Esto adem\u00e1s, est\u00e1 complicando la visibilidad para quienes circulan por el sitio. Los vecinos piden la intervenci\u00f3n de las autoridades. El problema en esta zona se agrava, [&hellip;]<\/p>\n","protected":false},"author":4,"featured_media":18233,"comment_status":"closed","ping_status":"closed","sticky":false,"template":"","format":"standard","meta":{"om_disable_all_campaigns":false,"_joinchat":[],"footnotes":""},"categories":[31],"tags":[],"class_list":["post-18232","post","type-post","status-publish","format-standard","has-post-thumbnail","hentry","category-la-region"],"_links":{"self":[{"href":"https:\/\/zaracaytv.com\/index.php?rest_route=\/wp\/v2\/posts\/18232","targetHints":{"allow":["GET"]}}],"collection":[{"href":"https:\/\/zaracaytv.com\/index.php?rest_route=\/wp\/v2\/posts"}],"about":[{"href":"https:\/\/zaracaytv.com\/index.php?rest_route=\/wp\/v2\/types\/post"}],"author":[{"embeddable":true,"href":"https:\/\/zaracaytv.com\/index.php?rest_route=\/wp\/v2\/users\/4"}],"replies":[{"embeddable":true,"href":"https:\/\/zaracaytv.com\/index.php?rest_route=%2Fwp%2Fv2%2Fcomments&post=18232"}],"version-history":[{"count":3,"href":"https:\/\/zaracaytv.com\/index.php?rest_route=\/wp\/v2\/posts\/18232\/revisions"}],"predecessor-version":[{"id":18316,"href":"https:\/\/zaracaytv.com\/index.php?rest_route=\/wp\/v2\/posts\/18232\/revisions\/18316"}],"wp:featuredmedia":[{"embeddable":true,"href":"https:\/\/zaracaytv.com\/index.php?rest_route=\/wp\/v2\/media\/18233"}],"wp:attachment":[{"href":"https:\/\/zaracaytv.com\/index.php?rest_route=%2Fwp%2Fv2%2Fmedia&parent=18232"}],"wp:term":[{"taxonomy":"category","embeddable":true,"href":"https:\/\/zaracaytv.com\/index.php?rest_route=%2Fwp%2Fv2%2Fcategories&post=18232"},{"taxonomy":"post_tag","embeddable":true,"href":"https:\/\/zaracaytv.com\/index.php?rest_route=%2Fwp%2Fv2%2Ftags&post=18232"}],"curies":[{"name":"wp","href":"https:\/\/api.w.org\/{rel}","templated":true}]}}