{"id":18227,"date":"2025-03-17T10:48:13","date_gmt":"2025-03-17T15:48:13","guid":{"rendered":"https:\/\/zaracaytv.com\/?p=18227"},"modified":"2025-03-17T17:16:09","modified_gmt":"2025-03-17T22:16:09","slug":"se-registro-un-incendio-en-la-coop-libre-ecuador","status":"publish","type":"post","link":"https:\/\/zaracaytv.com\/?p=18227","title":{"rendered":"SE REGISTR\u00d3 UN INCENDIO EN LA COOP. LIBRE ECUADOR"},"content":{"rendered":"<body><p><\/p><img loading=\"lazy\" decoding=\"async\" class=\"size-medium wp-image-18228 alignleft\" src=\"https:\/\/zaracaytv.com\/wp-content\/uploads\/2025\/03\/INCENDIO-300x174.png\" alt=\"\" width=\"300\" height=\"174\" loading=\"lazy\" srcset=\"https:\/\/zaracaytv.com\/wp-content\/uploads\/2025\/03\/INCENDIO-300x174.png 300w, https:\/\/zaracaytv.com\/wp-content\/uploads\/2025\/03\/INCENDIO-1024x594.png 1024w, https:\/\/zaracaytv.com\/wp-content\/uploads\/2025\/03\/INCENDIO-768x446.png 768w, https:\/\/zaracaytv.com\/wp-content\/uploads\/2025\/03\/INCENDIO-570x330.png 570w, https:\/\/zaracaytv.com\/wp-content\/uploads\/2025\/03\/INCENDIO-270x157.png 270w, https:\/\/zaracaytv.com\/wp-content\/uploads\/2025\/03\/INCENDIO.png 1279w\" sizes=\"auto, (max-width: 300px) 100vw, 300px\" \/>La alerta de un incendio dentro de una casa prendi\u00f3 las alarmas en el sector 1 de la cooperativa Libre Ecuador. Lugar al cual acudi\u00f3 el Cuerpo de Bomberos de Santo Domingo, donde se mencion\u00f3 que una persona result\u00f3 herida, con quemaduras superficiales en una de sus piernas. Al parecer un cilindro de gas fue la fuente de la llamas.\n<p>Los ni\u00f1os de la vivienda fueron sacados por las escaleras para salvarles la vida. Las \u00fanicas p\u00e9rdidas que hubo fueron materiales, muebles, televisores, parlantes y dem\u00e1s se quemaron dentro de este hogar.<\/p>\n<p>La r\u00e1pida acci\u00f3n de la comunidad logr\u00f3 apaciguar el fuego, hasta la llegada del Cuerpo de Bomberos, as\u00ed lo explicaron varios de los moradores.<img loading=\"lazy\" decoding=\"async\" class=\"size-medium wp-image-18229 alignright\" src=\"https:\/\/zaracaytv.com\/wp-content\/uploads\/2025\/03\/DRF-300x160.png\" alt=\"\" width=\"300\" height=\"160\" loading=\"lazy\" srcset=\"https:\/\/zaracaytv.com\/wp-content\/uploads\/2025\/03\/DRF-300x160.png 300w, https:\/\/zaracaytv.com\/wp-content\/uploads\/2025\/03\/DRF-1024x544.png 1024w, https:\/\/zaracaytv.com\/wp-content\/uploads\/2025\/03\/DRF-768x408.png 768w, https:\/\/zaracaytv.com\/wp-content\/uploads\/2025\/03\/DRF-570x303.png 570w, https:\/\/zaracaytv.com\/wp-content\/uploads\/2025\/03\/DRF-270x144.png 270w, https:\/\/zaracaytv.com\/wp-content\/uploads\/2025\/03\/DRF.png 1309w\" sizes=\"auto, (max-width: 300px) 100vw, 300px\" \/><\/p>\n<p><img loading=\"lazy\" decoding=\"async\" class=\"size-medium wp-image-18230 alignleft\" src=\"https:\/\/zaracaytv.com\/wp-content\/uploads\/2025\/03\/FDHD-300x173.png\" alt=\"\" width=\"300\" height=\"173\" loading=\"lazy\" srcset=\"https:\/\/zaracaytv.com\/wp-content\/uploads\/2025\/03\/FDHD-300x173.png 300w, https:\/\/zaracaytv.com\/wp-content\/uploads\/2025\/03\/FDHD-1024x592.png 1024w, https:\/\/zaracaytv.com\/wp-content\/uploads\/2025\/03\/FDHD-768x444.png 768w, https:\/\/zaracaytv.com\/wp-content\/uploads\/2025\/03\/FDHD-570x330.png 570w, https:\/\/zaracaytv.com\/wp-content\/uploads\/2025\/03\/FDHD-270x156.png 270w, https:\/\/zaracaytv.com\/wp-content\/uploads\/2025\/03\/FDHD.png 1275w\" sizes=\"auto, (max-width: 300px) 100vw, 300px\" \/>Las autoridades mencionaron que no hubo p\u00e9rdidas humanas durante el incendio y recomendaron a la ciudadan\u00eda tomar las debidas precauciones, para evitar m\u00e1s incidentes como este.<\/p>\n<p>\u00a0<\/p>\n<p>\u00a0<\/p>\n<p>\u00a0<\/p>\n<p>\u00a0<\/p>\n<p><iframe title=\"LA CIUDAD \u2013 SE REGISTR\u00d3 UN INCENDIO EN LA COOP. LIBRE ECUADOR\" width=\"800\" height=\"450\" src=\"https:\/\/www.youtube.com\/embed\/UeJdLocwNX0?feature=oembed\" frameborder=\"0\" allow=\"accelerometer; autoplay; clipboard-write; encrypted-media; gyroscope; picture-in-picture; web-share\" referrerpolicy=\"strict-origin-when-cross-origin\" allowfullscreen><\/iframe><\/p>\n<\/body>","protected":false},"excerpt":{"rendered":"<p>La alerta de un incendio dentro de una casa prendi\u00f3 las alarmas en el sector 1 de la cooperativa Libre Ecuador. Lugar al cual acudi\u00f3 el Cuerpo de Bomberos de Santo Domingo, donde se mencion\u00f3 que una persona result\u00f3 herida, con quemaduras superficiales en una de sus piernas. Al parecer un cilindro de gas fue [&hellip;]<\/p>\n","protected":false},"author":4,"featured_media":18229,"comment_status":"closed","ping_status":"closed","sticky":false,"template":"","format":"standard","meta":{"om_disable_all_campaigns":false,"_joinchat":[],"footnotes":""},"categories":[31],"tags":[],"class_list":["post-18227","post","type-post","status-publish","format-standard","has-post-thumbnail","hentry","category-la-region"],"_links":{"self":[{"href":"https:\/\/zaracaytv.com\/index.php?rest_route=\/wp\/v2\/posts\/18227","targetHints":{"allow":["GET"]}}],"collection":[{"href":"https:\/\/zaracaytv.com\/index.php?rest_route=\/wp\/v2\/posts"}],"about":[{"href":"https:\/\/zaracaytv.com\/index.php?rest_route=\/wp\/v2\/types\/post"}],"author":[{"embeddable":true,"href":"https:\/\/zaracaytv.com\/index.php?rest_route=\/wp\/v2\/users\/4"}],"replies":[{"embeddable":true,"href":"https:\/\/zaracaytv.com\/index.php?rest_route=%2Fwp%2Fv2%2Fcomments&post=18227"}],"version-history":[{"count":3,"href":"https:\/\/zaracaytv.com\/index.php?rest_route=\/wp\/v2\/posts\/18227\/revisions"}],"predecessor-version":[{"id":18266,"href":"https:\/\/zaracaytv.com\/index.php?rest_route=\/wp\/v2\/posts\/18227\/revisions\/18266"}],"wp:featuredmedia":[{"embeddable":true,"href":"https:\/\/zaracaytv.com\/index.php?rest_route=\/wp\/v2\/media\/18229"}],"wp:attachment":[{"href":"https:\/\/zaracaytv.com\/index.php?rest_route=%2Fwp%2Fv2%2Fmedia&parent=18227"}],"wp:term":[{"taxonomy":"category","embeddable":true,"href":"https:\/\/zaracaytv.com\/index.php?rest_route=%2Fwp%2Fv2%2Fcategories&post=18227"},{"taxonomy":"post_tag","embeddable":true,"href":"https:\/\/zaracaytv.com\/index.php?rest_route=%2Fwp%2Fv2%2Ftags&post=18227"}],"curies":[{"name":"wp","href":"https:\/\/api.w.org\/{rel}","templated":true}]}}