{"id":18154,"date":"2025-03-14T10:59:09","date_gmt":"2025-03-14T15:59:09","guid":{"rendered":"https:\/\/zaracaytv.com\/?p=18154"},"modified":"2025-03-14T10:59:09","modified_gmt":"2025-03-14T15:59:09","slug":"asambleista-solicitara-regalias-por-la-venta-de-energia-del-toachi-pilaton-a-traves-de-proyecto","status":"publish","type":"post","link":"https:\/\/zaracaytv.com\/?p=18154","title":{"rendered":"ASAMBLE\u00cdSTA SOLICITAR\u00c1 REGAL\u00cdAS POR LA VENTA DE ENERG\u00cdA DEL TOACHI PILAT\u00d3N A TRAV\u00c9S DE PROYECTO"},"content":{"rendered":"<body><p><\/p><span style=\"font-weight: 400;\"><img loading=\"lazy\" decoding=\"async\" class=\"size-medium wp-image-18155 alignleft\" src=\"https:\/\/zaracaytv.com\/wp-content\/uploads\/2025\/03\/BENITE-300x173.png\" alt=\"\" width=\"300\" height=\"173\" loading=\"lazy\" srcset=\"https:\/\/zaracaytv.com\/wp-content\/uploads\/2025\/03\/BENITE-300x173.png 300w, https:\/\/zaracaytv.com\/wp-content\/uploads\/2025\/03\/BENITE-1024x591.png 1024w, https:\/\/zaracaytv.com\/wp-content\/uploads\/2025\/03\/BENITE-768x444.png 768w, https:\/\/zaracaytv.com\/wp-content\/uploads\/2025\/03\/BENITE-570x330.png 570w, https:\/\/zaracaytv.com\/wp-content\/uploads\/2025\/03\/BENITE-270x156.png 270w, https:\/\/zaracaytv.com\/wp-content\/uploads\/2025\/03\/BENITE.png 1283w\" sizes=\"auto, (max-width: 300px) 100vw, 300px\" \/>El pasado 12 de marzo, el asamble\u00edsta provincial Geovanny Ben\u00edtez present\u00f3 ante la Comisi\u00f3n de R\u00e9gimen Econ\u00f3mico de la Asamblea Nacional un proyecto de ley que busca que el 5% de las regal\u00edas generadas por la comercializaci\u00f3n de energ\u00eda de la hidroel\u00e9ctrica Toachi Pilat\u00f3n sean destinadas a la provincia de Santo Domingo de los Ts\u00e1chilas. Esta propuesta est\u00e1 vinculada a la reforma del Decreto Ley 047 y tiene como objetivo fortalecer el presupuesto del Gobierno Aut\u00f3nomo Descentralizado (GAD) Provincial, as\u00ed como de los GAD municipales y parroquiales, para mejorar la calidad de vida de los habitantes de la regi\u00f3n.<\/span>\n<p><span style=\"font-weight: 400;\">Durante la reuni\u00f3n, Lady Cede\u00f1o, vicepresidenta del Consejo Nacional de Gobiernos Parroquiales Rurales del Ecuador, present\u00f3 una propuesta para la distribuci\u00f3n de estos recursos. Seg\u00fan su planteamiento, el 40% de los fondos deber\u00eda ser asignado a las diez parroquias rurales de Santo Domingo de los Ts\u00e1chilas, otro 40% a los cantones Santo Domingo y La Concordia, y el 20% restante dirigido al GAD Provincial. Enfatiz\u00f3 que la situaci\u00f3n en las zonas rurales es<img loading=\"lazy\" decoding=\"async\" class=\"size-medium wp-image-18156 alignright\" src=\"https:\/\/zaracaytv.com\/wp-content\/uploads\/2025\/03\/SFDG-300x175.png\" alt=\"\" width=\"300\" height=\"175\" loading=\"lazy\" srcset=\"https:\/\/zaracaytv.com\/wp-content\/uploads\/2025\/03\/SFDG-300x175.png 300w, https:\/\/zaracaytv.com\/wp-content\/uploads\/2025\/03\/SFDG-1024x597.png 1024w, https:\/\/zaracaytv.com\/wp-content\/uploads\/2025\/03\/SFDG-768x448.png 768w, https:\/\/zaracaytv.com\/wp-content\/uploads\/2025\/03\/SFDG-566x330.png 566w, https:\/\/zaracaytv.com\/wp-content\/uploads\/2025\/03\/SFDG-270x158.png 270w, https:\/\/zaracaytv.com\/wp-content\/uploads\/2025\/03\/SFDG.png 1296w\" sizes=\"auto, (max-width: 300px) 100vw, 300px\" \/> cr\u00edtica debido a la limitaci\u00f3n presupuestaria.<\/span><\/p>\n<p><span style=\"font-weight: 400;\">Adem\u00e1s, subray\u00f3 que estos recursos ser\u00edan esenciales para atender emergencias provocadas por la temporada invernal, que actualmente afecta a varios recintos de la provincia.<\/span><\/p>\n<p><span style=\"font-weight: 400;\">El proyecto de ley busca ser tramitado con celeridad en la Asamblea Nacional, especialmente considerando que desde enero de este a\u00f1o, la hidroel\u00e9ctrica Toachi Pilat\u00f3n comenz\u00f3 a inyectar 254.4 megavatios a la red el\u00e9ctrica nacional. La aprobaci\u00f3n de esta iniciativa permitir\u00eda que una parte de estos ingresos beneficie directamente a la poblaci\u00f3n de Santo Domingo de los Ts\u00e1chilas.<\/span><\/p>\n<\/body>","protected":false},"excerpt":{"rendered":"<p>El pasado 12 de marzo, el asamble\u00edsta provincial Geovanny Ben\u00edtez present\u00f3 ante la Comisi\u00f3n de R\u00e9gimen Econ\u00f3mico de la Asamblea Nacional un proyecto de ley que busca que el 5% de las regal\u00edas generadas por la comercializaci\u00f3n de energ\u00eda de la hidroel\u00e9ctrica Toachi Pilat\u00f3n sean destinadas a la provincia de Santo Domingo de los Ts\u00e1chilas. [&hellip;]<\/p>\n","protected":false},"author":4,"featured_media":18155,"comment_status":"closed","ping_status":"closed","sticky":false,"template":"","format":"standard","meta":{"om_disable_all_campaigns":false,"_joinchat":[],"footnotes":""},"categories":[31],"tags":[],"class_list":["post-18154","post","type-post","status-publish","format-standard","has-post-thumbnail","hentry","category-la-region"],"_links":{"self":[{"href":"https:\/\/zaracaytv.com\/index.php?rest_route=\/wp\/v2\/posts\/18154","targetHints":{"allow":["GET"]}}],"collection":[{"href":"https:\/\/zaracaytv.com\/index.php?rest_route=\/wp\/v2\/posts"}],"about":[{"href":"https:\/\/zaracaytv.com\/index.php?rest_route=\/wp\/v2\/types\/post"}],"author":[{"embeddable":true,"href":"https:\/\/zaracaytv.com\/index.php?rest_route=\/wp\/v2\/users\/4"}],"replies":[{"embeddable":true,"href":"https:\/\/zaracaytv.com\/index.php?rest_route=%2Fwp%2Fv2%2Fcomments&post=18154"}],"version-history":[{"count":2,"href":"https:\/\/zaracaytv.com\/index.php?rest_route=\/wp\/v2\/posts\/18154\/revisions"}],"predecessor-version":[{"id":18176,"href":"https:\/\/zaracaytv.com\/index.php?rest_route=\/wp\/v2\/posts\/18154\/revisions\/18176"}],"wp:featuredmedia":[{"embeddable":true,"href":"https:\/\/zaracaytv.com\/index.php?rest_route=\/wp\/v2\/media\/18155"}],"wp:attachment":[{"href":"https:\/\/zaracaytv.com\/index.php?rest_route=%2Fwp%2Fv2%2Fmedia&parent=18154"}],"wp:term":[{"taxonomy":"category","embeddable":true,"href":"https:\/\/zaracaytv.com\/index.php?rest_route=%2Fwp%2Fv2%2Fcategories&post=18154"},{"taxonomy":"post_tag","embeddable":true,"href":"https:\/\/zaracaytv.com\/index.php?rest_route=%2Fwp%2Fv2%2Ftags&post=18154"}],"curies":[{"name":"wp","href":"https:\/\/api.w.org\/{rel}","templated":true}]}}