{"id":18126,"date":"2025-03-13T12:10:24","date_gmt":"2025-03-13T17:10:24","guid":{"rendered":"https:\/\/zaracaytv.com\/?p=18126"},"modified":"2025-03-13T12:14:51","modified_gmt":"2025-03-13T17:14:51","slug":"hallaron-un-cuerpo-en-estado-de-descomposicion-en-el-km-21-via-chone","status":"publish","type":"post","link":"https:\/\/zaracaytv.com\/?p=18126","title":{"rendered":"HALLARON UN CUERPO EN ESTADO DE DESCOMPOSICI\u00d3N EN EL KM 21 V\u00cdA CHONE"},"content":{"rendered":"<body><p><\/p><img loading=\"lazy\" decoding=\"async\" class=\"size-medium wp-image-18127 alignleft\" src=\"https:\/\/zaracaytv.com\/wp-content\/uploads\/2025\/03\/SG-300x198.png\" alt=\"\" width=\"300\" height=\"198\" loading=\"lazy\" srcset=\"https:\/\/zaracaytv.com\/wp-content\/uploads\/2025\/03\/SG-300x198.png 300w, https:\/\/zaracaytv.com\/wp-content\/uploads\/2025\/03\/SG-1024x676.png 1024w, https:\/\/zaracaytv.com\/wp-content\/uploads\/2025\/03\/SG-768x507.png 768w, https:\/\/zaracaytv.com\/wp-content\/uploads\/2025\/03\/SG-500x330.png 500w, https:\/\/zaracaytv.com\/wp-content\/uploads\/2025\/03\/SG-270x178.png 270w, https:\/\/zaracaytv.com\/wp-content\/uploads\/2025\/03\/SG.png 1127w\" sizes=\"auto, (max-width: 300px) 100vw, 300px\" \/>Este 12 de marzo se cumpli\u00f3 un mes de la desaparici\u00f3n de Snayder Marcillo \u00c1lava, el adolescente de Santo Domingo cuyo paradero era desconocido desde el 12 de febrero. Sin embargo, una tr\u00e1gica noticia golpe\u00f3 a su madre, Kerly \u00c1lava, y a sus familiares, desvaneciendo las esperanzas de encontrarlo con vida. En el kil\u00f3metro 21 de la v\u00eda a Chone, se hall\u00f3 un cuerpo en avanzado estado de descomposici\u00f3n. Seg\u00fan sus familiares, la vestimenta coincide con la que llevaba Snayder el d\u00eda de su desaparici\u00f3n, lo que ha generado profunda conmoci\u00f3n en la familia.\n<p>Ante este hallazgo, los familiares de Snayder acudieron al Centro de Medicina Forense de Santo Domingo para proporcionar informaci\u00f3n que ayude a confirmar si el cuerpo pertenece al joven desaparecido. Piden que los resultados de las pruebas sean entregados lo antes posible para calmar la incertidumbre y la angustia que los consume. La tristeza embarga a la familia. La madre\u00a0 mantiene en la esperanza de que el cuerpo encontrado no sea el de su hijo.<\/p>\n<p><img loading=\"lazy\" decoding=\"async\" class=\"alignleft wp-image-18131 size-medium\" src=\"https:\/\/zaracaytv.com\/wp-content\/uploads\/2025\/03\/482318173_654745583695931_7650001851514505803_n-300x208.jpg\" alt=\"Snayder Marcillo, joven reportado como desaparecido desde el 12 de febrero de 2025\" width=\"300\" height=\"208\" loading=\"lazy\" srcset=\"https:\/\/zaracaytv.com\/wp-content\/uploads\/2025\/03\/482318173_654745583695931_7650001851514505803_n-300x208.jpg 300w, https:\/\/zaracaytv.com\/wp-content\/uploads\/2025\/03\/482318173_654745583695931_7650001851514505803_n-1024x712.jpg 1024w, https:\/\/zaracaytv.com\/wp-content\/uploads\/2025\/03\/482318173_654745583695931_7650001851514505803_n-768x534.jpg 768w, https:\/\/zaracaytv.com\/wp-content\/uploads\/2025\/03\/482318173_654745583695931_7650001851514505803_n-1536x1067.jpg 1536w, https:\/\/zaracaytv.com\/wp-content\/uploads\/2025\/03\/482318173_654745583695931_7650001851514505803_n-475x330.jpg 475w, https:\/\/zaracaytv.com\/wp-content\/uploads\/2025\/03\/482318173_654745583695931_7650001851514505803_n-259x180.jpg 259w, https:\/\/zaracaytv.com\/wp-content\/uploads\/2025\/03\/482318173_654745583695931_7650001851514505803_n.jpg 2048w\" sizes=\"auto, (max-width: 300px) 100vw, 300px\" \/>Snayder fue visto por \u00faltima vez en la cooperativa 9 de Diciembre y era estudiante de la Unidad Educativa Federico Gonz\u00e1lez Su\u00e1rez. Su familia cuestion\u00f3 el accionar de las autoridades en la b\u00fasqueda del adolescente, alegando que exist\u00edan pistas que no fueron seguidas con rapidez. Entre ellas, mencionaron que el joven habr\u00eda enviado un mensaje a un taxista de confianza pidi\u00e9ndole que lo recogiera en el kil\u00f3metro 23, sin especificar la v\u00eda exacta.<img loading=\"lazy\" decoding=\"async\" class=\"size-medium wp-image-18128 alignright\" src=\"https:\/\/zaracaytv.com\/wp-content\/uploads\/2025\/03\/CADAVER-300x165.png\" alt=\"\" width=\"300\" height=\"165\" loading=\"lazy\" srcset=\"https:\/\/zaracaytv.com\/wp-content\/uploads\/2025\/03\/CADAVER-300x165.png 300w, https:\/\/zaracaytv.com\/wp-content\/uploads\/2025\/03\/CADAVER-1024x563.png 1024w, https:\/\/zaracaytv.com\/wp-content\/uploads\/2025\/03\/CADAVER-768x422.png 768w, https:\/\/zaracaytv.com\/wp-content\/uploads\/2025\/03\/CADAVER-570x313.png 570w, https:\/\/zaracaytv.com\/wp-content\/uploads\/2025\/03\/CADAVER-270x148.png 270w, https:\/\/zaracaytv.com\/wp-content\/uploads\/2025\/03\/CADAVER.png 1255w\" sizes=\"auto, (max-width: 300px) 100vw, 300px\" \/><\/p>\n<p>Los resultados de las pruebas forenses podr\u00edan tardar entre 4 y 8 d\u00edas. Mientras tanto, los familiares esperan la confirmaci\u00f3n final, con la \u00faltima esperanza de que el cuerpo encontrado no sea el de Snayder. En caso de confirmarse, proceder\u00e1n con los tr\u00e1mites para darle la sepultura correspondiente, cerrando as\u00ed un cap\u00edtulo de dolor y angustia que ha marcado a toda la comunidad.<\/p>\n<p>\u00a0<\/p>\n<p><iframe title=\"CR\u00d3NICA \u2013 SE ENCONTR\u00d3 UN CUERPO EN ESTADO DE DESCOMPOSICI\u00d3N EN EL KM 21 V\u00cdA CHONE\" width=\"800\" height=\"450\" src=\"https:\/\/www.youtube.com\/embed\/90RMNo0yY_8?feature=oembed\" frameborder=\"0\" allow=\"accelerometer; autoplay; clipboard-write; encrypted-media; gyroscope; picture-in-picture; web-share\" referrerpolicy=\"strict-origin-when-cross-origin\" allowfullscreen><\/iframe><\/p>\n<\/body>","protected":false},"excerpt":{"rendered":"<p>Este 12 de marzo se cumpli\u00f3 un mes de la desaparici\u00f3n de Snayder Marcillo \u00c1lava, el adolescente de Santo Domingo cuyo paradero era desconocido desde el 12 de febrero. Sin embargo, una tr\u00e1gica noticia golpe\u00f3 a su madre, Kerly \u00c1lava, y a sus familiares, desvaneciendo las esperanzas de encontrarlo con vida. En el kil\u00f3metro 21 [&hellip;]<\/p>\n","protected":false},"author":4,"featured_media":18127,"comment_status":"closed","ping_status":"closed","sticky":false,"template":"","format":"standard","meta":{"om_disable_all_campaigns":false,"_joinchat":[],"footnotes":""},"categories":[48],"tags":[],"class_list":["post-18126","post","type-post","status-publish","format-standard","has-post-thumbnail","hentry","category-cronica-roja"],"_links":{"self":[{"href":"https:\/\/zaracaytv.com\/index.php?rest_route=\/wp\/v2\/posts\/18126","targetHints":{"allow":["GET"]}}],"collection":[{"href":"https:\/\/zaracaytv.com\/index.php?rest_route=\/wp\/v2\/posts"}],"about":[{"href":"https:\/\/zaracaytv.com\/index.php?rest_route=\/wp\/v2\/types\/post"}],"author":[{"embeddable":true,"href":"https:\/\/zaracaytv.com\/index.php?rest_route=\/wp\/v2\/users\/4"}],"replies":[{"embeddable":true,"href":"https:\/\/zaracaytv.com\/index.php?rest_route=%2Fwp%2Fv2%2Fcomments&post=18126"}],"version-history":[{"count":3,"href":"https:\/\/zaracaytv.com\/index.php?rest_route=\/wp\/v2\/posts\/18126\/revisions"}],"predecessor-version":[{"id":18133,"href":"https:\/\/zaracaytv.com\/index.php?rest_route=\/wp\/v2\/posts\/18126\/revisions\/18133"}],"wp:featuredmedia":[{"embeddable":true,"href":"https:\/\/zaracaytv.com\/index.php?rest_route=\/wp\/v2\/media\/18127"}],"wp:attachment":[{"href":"https:\/\/zaracaytv.com\/index.php?rest_route=%2Fwp%2Fv2%2Fmedia&parent=18126"}],"wp:term":[{"taxonomy":"category","embeddable":true,"href":"https:\/\/zaracaytv.com\/index.php?rest_route=%2Fwp%2Fv2%2Fcategories&post=18126"},{"taxonomy":"post_tag","embeddable":true,"href":"https:\/\/zaracaytv.com\/index.php?rest_route=%2Fwp%2Fv2%2Ftags&post=18126"}],"curies":[{"name":"wp","href":"https:\/\/api.w.org\/{rel}","templated":true}]}}