{"id":18117,"date":"2025-03-13T11:17:54","date_gmt":"2025-03-13T16:17:54","guid":{"rendered":"https:\/\/zaracaytv.com\/?p=18117"},"modified":"2025-03-13T11:29:34","modified_gmt":"2025-03-13T16:29:34","slug":"clima-de-incertidumbre-en-comunidad-venezolana-tras-derogacion-de-decreto-370","status":"publish","type":"post","link":"https:\/\/zaracaytv.com\/?p=18117","title":{"rendered":"CLIMA DE INCERTIDUMBRE EN COMUNIDAD VENEZOLANA TRAS DEROGACI\u00d3N DE DECRETO 370"},"content":{"rendered":"<body><p><\/p><span style=\"font-weight: 400;\"><img loading=\"lazy\" decoding=\"async\" class=\"size-medium wp-image-18118 alignleft\" src=\"https:\/\/zaracaytv.com\/wp-content\/uploads\/2025\/03\/VENZ-300x171.png\" alt=\"\" width=\"300\" height=\"171\" loading=\"lazy\" srcset=\"https:\/\/zaracaytv.com\/wp-content\/uploads\/2025\/03\/VENZ-300x171.png 300w, https:\/\/zaracaytv.com\/wp-content\/uploads\/2025\/03\/VENZ-1024x584.png 1024w, https:\/\/zaracaytv.com\/wp-content\/uploads\/2025\/03\/VENZ-768x438.png 768w, https:\/\/zaracaytv.com\/wp-content\/uploads\/2025\/03\/VENZ-570x325.png 570w, https:\/\/zaracaytv.com\/wp-content\/uploads\/2025\/03\/VENZ-270x154.png 270w, https:\/\/zaracaytv.com\/wp-content\/uploads\/2025\/03\/VENZ.png 1286w\" sizes=\"auto, (max-width: 300px) 100vw, 300px\" \/>Este 11 de marzo, el presidente de Ecuador, Daniel Noboa, derog\u00f3 la amnist\u00eda que facilitaba la regularizaci\u00f3n de inmigrantes venezolanos sin estatus formal en el pa\u00eds. La medida, establecida en el Decreto Ejecutivo 370, permit\u00eda que ciudadanos venezolanos sin visa de residencia pudieran acogerse a un proceso de registro extraordinario para obtener permanencia legal en Ecuador. La resoluci\u00f3n fue tomada mediante el Decreto Ejecutivo 560, generando preocupaci\u00f3n en la comunidad migrante venezolana. Luis Garc\u00eda, presidente de<img loading=\"lazy\" decoding=\"async\" class=\"size-medium wp-image-18119 alignright\" src=\"https:\/\/zaracaytv.com\/wp-content\/uploads\/2025\/03\/CARPTEA-300x172.png\" alt=\"\" width=\"300\" height=\"172\" loading=\"lazy\" srcset=\"https:\/\/zaracaytv.com\/wp-content\/uploads\/2025\/03\/CARPTEA-300x172.png 300w, https:\/\/zaracaytv.com\/wp-content\/uploads\/2025\/03\/CARPTEA-1024x587.png 1024w, https:\/\/zaracaytv.com\/wp-content\/uploads\/2025\/03\/CARPTEA-768x440.png 768w, https:\/\/zaracaytv.com\/wp-content\/uploads\/2025\/03\/CARPTEA-570x327.png 570w, https:\/\/zaracaytv.com\/wp-content\/uploads\/2025\/03\/CARPTEA-270x155.png 270w, https:\/\/zaracaytv.com\/wp-content\/uploads\/2025\/03\/CARPTEA.png 1273w\" sizes=\"auto, (max-width: 300px) 100vw, 300px\" \/> la Asociaci\u00f3n de Venezolanos Residentes en Santo Domingo, expres\u00f3 su inquietud ante esta decisi\u00f3n.\u00a0<\/span>\n<p><span style=\"font-weight: 400;\">Seg\u00fan datos de la Canciller\u00eda ecuatoriana y la Plataforma Regional para Refugiados y Migrantes de Venezuela, en Ecuador residen aproximadamente 450.000 venezolanos, lo que la convierte en una de las comunidades migrantes m\u00e1s numerosas en el pa\u00eds. Garc\u00eda tambi\u00e9n destac\u00f3 que m\u00e1s de 90.000 venezolanos estaban en tr\u00e1mites para establecerse legalmente en Ecuador, por lo que la derogaci\u00f3n del decreto los deja en una situaci\u00f3n de incertidumbre.\u00a0\u00a0<\/span><\/p>\n<p><span style=\"font-weight: 400;\">Uno de los afectados es Alexis Tovar, quien lleva siete meses viviendo en Santo Domingo y ten\u00eda la intenci\u00f3n de acogerse al proceso para regularizar su estatus migratorio y as\u00ed su hija pudiese estudiar.\u00a0<\/span><\/p>\n<p><span style=\"font-weight: 400;\">La decisi\u00f3n del presidente Noboa se produce pocos d\u00edas despu\u00e9s de que criticara a su hom\u00f3logo venezolano, Nicol\u00e1s Maduro, por presuntamente rechazar vuelos con migrantes deportados desde Estados Unidos. Esta acci\u00f3n ha sido interpretada por algunos analistas como parte de una pol\u00edtica migratoria m\u00e1s estricta en Ecuador.<\/span><\/p>\n<p>\u00a0<\/p>\n<p><iframe title=\"PAIS \u2013 CLIMA DE INCERTIDUMBRE EN COMUNIDAD VENEZOLANA TRAS DEROGACI\u00d3N DE DECRETO 370\" width=\"800\" height=\"450\" src=\"https:\/\/www.youtube.com\/embed\/8pNZdZgo74s?feature=oembed\" frameborder=\"0\" allow=\"accelerometer; autoplay; clipboard-write; encrypted-media; gyroscope; picture-in-picture; web-share\" referrerpolicy=\"strict-origin-when-cross-origin\" allowfullscreen><\/iframe><\/p>\n<\/body>","protected":false},"excerpt":{"rendered":"<p>Este 11 de marzo, el presidente de Ecuador, Daniel Noboa, derog\u00f3 la amnist\u00eda que facilitaba la regularizaci\u00f3n de inmigrantes venezolanos sin estatus formal en el pa\u00eds. La medida, establecida en el Decreto Ejecutivo 370, permit\u00eda que ciudadanos venezolanos sin visa de residencia pudieran acogerse a un proceso de registro extraordinario para obtener permanencia legal en [&hellip;]<\/p>\n","protected":false},"author":4,"featured_media":18118,"comment_status":"closed","ping_status":"closed","sticky":false,"template":"","format":"standard","meta":{"om_disable_all_campaigns":false,"_joinchat":[],"footnotes":""},"categories":[31],"tags":[],"class_list":["post-18117","post","type-post","status-publish","format-standard","has-post-thumbnail","hentry","category-la-region"],"_links":{"self":[{"href":"https:\/\/zaracaytv.com\/index.php?rest_route=\/wp\/v2\/posts\/18117","targetHints":{"allow":["GET"]}}],"collection":[{"href":"https:\/\/zaracaytv.com\/index.php?rest_route=\/wp\/v2\/posts"}],"about":[{"href":"https:\/\/zaracaytv.com\/index.php?rest_route=\/wp\/v2\/types\/post"}],"author":[{"embeddable":true,"href":"https:\/\/zaracaytv.com\/index.php?rest_route=\/wp\/v2\/users\/4"}],"replies":[{"embeddable":true,"href":"https:\/\/zaracaytv.com\/index.php?rest_route=%2Fwp%2Fv2%2Fcomments&post=18117"}],"version-history":[{"count":1,"href":"https:\/\/zaracaytv.com\/index.php?rest_route=\/wp\/v2\/posts\/18117\/revisions"}],"predecessor-version":[{"id":18120,"href":"https:\/\/zaracaytv.com\/index.php?rest_route=\/wp\/v2\/posts\/18117\/revisions\/18120"}],"wp:featuredmedia":[{"embeddable":true,"href":"https:\/\/zaracaytv.com\/index.php?rest_route=\/wp\/v2\/media\/18118"}],"wp:attachment":[{"href":"https:\/\/zaracaytv.com\/index.php?rest_route=%2Fwp%2Fv2%2Fmedia&parent=18117"}],"wp:term":[{"taxonomy":"category","embeddable":true,"href":"https:\/\/zaracaytv.com\/index.php?rest_route=%2Fwp%2Fv2%2Fcategories&post=18117"},{"taxonomy":"post_tag","embeddable":true,"href":"https:\/\/zaracaytv.com\/index.php?rest_route=%2Fwp%2Fv2%2Ftags&post=18117"}],"curies":[{"name":"wp","href":"https:\/\/api.w.org\/{rel}","templated":true}]}}