{"id":17986,"date":"2025-03-10T12:00:41","date_gmt":"2025-03-10T17:00:41","guid":{"rendered":"https:\/\/zaracaytv.com\/?p=17986"},"modified":"2025-03-10T16:47:15","modified_gmt":"2025-03-10T21:47:15","slug":"en-santo-domingo-se-realizo-una-marcha-por-el-dia-internacional-de-la-mujer","status":"publish","type":"post","link":"https:\/\/zaracaytv.com\/?p=17986","title":{"rendered":"EN SANTO DOMINGO SE REALIZ\u00d3 UNA MARCHA POR EL D\u00cdA INTERNACIONAL DE LA MUJER"},"content":{"rendered":"<body><p><\/p><img loading=\"lazy\" decoding=\"async\" class=\"size-medium wp-image-17987 alignleft\" src=\"https:\/\/zaracaytv.com\/wp-content\/uploads\/2025\/03\/MACVHA-2-300x170.png\" alt=\"\" width=\"300\" height=\"170\" loading=\"lazy\" srcset=\"https:\/\/zaracaytv.com\/wp-content\/uploads\/2025\/03\/MACVHA-2-300x170.png 300w, https:\/\/zaracaytv.com\/wp-content\/uploads\/2025\/03\/MACVHA-2-1024x580.png 1024w, https:\/\/zaracaytv.com\/wp-content\/uploads\/2025\/03\/MACVHA-2-768x435.png 768w, https:\/\/zaracaytv.com\/wp-content\/uploads\/2025\/03\/MACVHA-2-570x323.png 570w, https:\/\/zaracaytv.com\/wp-content\/uploads\/2025\/03\/MACVHA-2-270x153.png 270w, https:\/\/zaracaytv.com\/wp-content\/uploads\/2025\/03\/MACVHA-2.png 1341w\" sizes=\"auto, (max-width: 300px) 100vw, 300px\" \/>Este s\u00e1bado 8 de marzo, se conmemor\u00f3 el D\u00eda Internacional de la Mujer, una fecha para recordar la lucha por la igualdad, el respeto y los derechos de todas las mujeres. En este d\u00eda las activistas y l\u00edderes marcharon en Santo Domingo, adem\u00e1s de haber participado de diversas actividades. Nalda Bustamante, representante del Movimiento Mujeres de Sto. Dgo, se\u00f1al\u00f3 que las pol\u00edticas p\u00fablicas deben garantizar la protecci\u00f3n de las f\u00e9minas que han sido v\u00edctimas de violencia f\u00edsica o sexual.\n<p>El dato que siempre preocupa a las redes de mujeres, y que deber\u00eda alarmar a las autoridades, al igual que la sociedad en general, es el incremento de los femicidios cada a\u00f1o. <img loading=\"lazy\" decoding=\"async\" class=\"size-medium wp-image-17988 alignright\" src=\"https:\/\/zaracaytv.com\/wp-content\/uploads\/2025\/03\/ROTULO-300x181.png\" alt=\"\" width=\"300\" height=\"181\" loading=\"lazy\" srcset=\"https:\/\/zaracaytv.com\/wp-content\/uploads\/2025\/03\/ROTULO-300x181.png 300w, https:\/\/zaracaytv.com\/wp-content\/uploads\/2025\/03\/ROTULO-1024x619.png 1024w, https:\/\/zaracaytv.com\/wp-content\/uploads\/2025\/03\/ROTULO-768x464.png 768w, https:\/\/zaracaytv.com\/wp-content\/uploads\/2025\/03\/ROTULO-546x330.png 546w, https:\/\/zaracaytv.com\/wp-content\/uploads\/2025\/03\/ROTULO-270x163.png 270w, https:\/\/zaracaytv.com\/wp-content\/uploads\/2025\/03\/ROTULO.png 1224w\" sizes=\"auto, (max-width: 300px) 100vw, 300px\" \/><\/p>\n<p>\u00c9stas jornadas de reivindicaci\u00f3n y compromiso con la igualdad de g\u00e9nero se concretan a\u00f1o tras a\u00f1o. Con letreros, cantos y consignas, se reflexiona sobre la vulnerabilidad que la sociedad expone muchas veces a las mujeres.<\/p>\n<p><img loading=\"lazy\" decoding=\"async\" class=\"size-medium wp-image-17989 alignleft\" src=\"https:\/\/zaracaytv.com\/wp-content\/uploads\/2025\/03\/MARCHA-2-300x172.png\" alt=\"\" width=\"300\" height=\"172\" loading=\"lazy\" srcset=\"https:\/\/zaracaytv.com\/wp-content\/uploads\/2025\/03\/MARCHA-2-300x172.png 300w, https:\/\/zaracaytv.com\/wp-content\/uploads\/2025\/03\/MARCHA-2-1024x588.png 1024w, https:\/\/zaracaytv.com\/wp-content\/uploads\/2025\/03\/MARCHA-2-768x441.png 768w, https:\/\/zaracaytv.com\/wp-content\/uploads\/2025\/03\/MARCHA-2-570x327.png 570w, https:\/\/zaracaytv.com\/wp-content\/uploads\/2025\/03\/MARCHA-2-270x155.png 270w, https:\/\/zaracaytv.com\/wp-content\/uploads\/2025\/03\/MARCHA-2.png 1289w\" sizes=\"auto, (max-width: 300px) 100vw, 300px\" \/>Las expresiones se manifiestan de diferentes formas. Tanto en las calles como en las redes sociales, muchos recuerdan a este d\u00eda como de lucha, conquistas\u00a0 y resistencia.<\/p>\n<p>\u00a0<\/p>\n<p>\u00a0<\/p>\n<p>\u00a0<\/p>\n<p>\u00a0<\/p>\n<p><iframe title=\"LA REGI\u00d3N - ACTIVISTAS SALIERON A LAS CALLES POR EL D\u00cdA DE LA MUJER PARA EXIGIR IGUALDAD\" width=\"800\" height=\"450\" src=\"https:\/\/www.youtube.com\/embed\/_NCJ4ReNRqE?feature=oembed\" frameborder=\"0\" allow=\"accelerometer; autoplay; clipboard-write; encrypted-media; gyroscope; picture-in-picture; web-share\" referrerpolicy=\"strict-origin-when-cross-origin\" allowfullscreen><\/iframe><\/p>\n<\/body>","protected":false},"excerpt":{"rendered":"<p>Este s\u00e1bado 8 de marzo, se conmemor\u00f3 el D\u00eda Internacional de la Mujer, una fecha para recordar la lucha por la igualdad, el respeto y los derechos de todas las mujeres. En este d\u00eda las activistas y l\u00edderes marcharon en Santo Domingo, adem\u00e1s de haber participado de diversas actividades. Nalda Bustamante, representante del Movimiento Mujeres [&hellip;]<\/p>\n","protected":false},"author":4,"featured_media":17987,"comment_status":"closed","ping_status":"closed","sticky":false,"template":"","format":"standard","meta":{"om_disable_all_campaigns":false,"_joinchat":[],"footnotes":""},"categories":[31],"tags":[],"class_list":["post-17986","post","type-post","status-publish","format-standard","has-post-thumbnail","hentry","category-la-region"],"_links":{"self":[{"href":"https:\/\/zaracaytv.com\/index.php?rest_route=\/wp\/v2\/posts\/17986","targetHints":{"allow":["GET"]}}],"collection":[{"href":"https:\/\/zaracaytv.com\/index.php?rest_route=\/wp\/v2\/posts"}],"about":[{"href":"https:\/\/zaracaytv.com\/index.php?rest_route=\/wp\/v2\/types\/post"}],"author":[{"embeddable":true,"href":"https:\/\/zaracaytv.com\/index.php?rest_route=\/wp\/v2\/users\/4"}],"replies":[{"embeddable":true,"href":"https:\/\/zaracaytv.com\/index.php?rest_route=%2Fwp%2Fv2%2Fcomments&post=17986"}],"version-history":[{"count":2,"href":"https:\/\/zaracaytv.com\/index.php?rest_route=\/wp\/v2\/posts\/17986\/revisions"}],"predecessor-version":[{"id":18006,"href":"https:\/\/zaracaytv.com\/index.php?rest_route=\/wp\/v2\/posts\/17986\/revisions\/18006"}],"wp:featuredmedia":[{"embeddable":true,"href":"https:\/\/zaracaytv.com\/index.php?rest_route=\/wp\/v2\/media\/17987"}],"wp:attachment":[{"href":"https:\/\/zaracaytv.com\/index.php?rest_route=%2Fwp%2Fv2%2Fmedia&parent=17986"}],"wp:term":[{"taxonomy":"category","embeddable":true,"href":"https:\/\/zaracaytv.com\/index.php?rest_route=%2Fwp%2Fv2%2Fcategories&post=17986"},{"taxonomy":"post_tag","embeddable":true,"href":"https:\/\/zaracaytv.com\/index.php?rest_route=%2Fwp%2Fv2%2Ftags&post=17986"}],"curies":[{"name":"wp","href":"https:\/\/api.w.org\/{rel}","templated":true}]}}