{"id":17976,"date":"2025-03-10T11:43:09","date_gmt":"2025-03-10T16:43:09","guid":{"rendered":"https:\/\/zaracaytv.com\/?p=17976"},"modified":"2025-03-10T11:43:09","modified_gmt":"2025-03-10T16:43:09","slug":"algunos-barrios-de-santo-domingo-continuan-sin-agua","status":"publish","type":"post","link":"https:\/\/zaracaytv.com\/?p=17976","title":{"rendered":"ALGUNOS BARRIOS DE SANTO DOMINGO CONTIN\u00daAN SIN AGUA"},"content":{"rendered":"<body><p><\/p><span style=\"font-weight: 400;\"><img loading=\"lazy\" decoding=\"async\" class=\"size-medium wp-image-17977 alignleft\" src=\"https:\/\/zaracaytv.com\/wp-content\/uploads\/2025\/03\/SIN-AGUA-300x176.png\" alt=\"\" width=\"300\" height=\"176\" loading=\"lazy\" srcset=\"https:\/\/zaracaytv.com\/wp-content\/uploads\/2025\/03\/SIN-AGUA-300x176.png 300w, https:\/\/zaracaytv.com\/wp-content\/uploads\/2025\/03\/SIN-AGUA-1024x602.png 1024w, https:\/\/zaracaytv.com\/wp-content\/uploads\/2025\/03\/SIN-AGUA-768x452.png 768w, https:\/\/zaracaytv.com\/wp-content\/uploads\/2025\/03\/SIN-AGUA-561x330.png 561w, https:\/\/zaracaytv.com\/wp-content\/uploads\/2025\/03\/SIN-AGUA-270x159.png 270w, https:\/\/zaracaytv.com\/wp-content\/uploads\/2025\/03\/SIN-AGUA.png 1267w\" sizes=\"auto, (max-width: 300px) 100vw, 300px\" \/>En la ciudad de Santo Domingo persiste el inconveniente por la falta de abastecimiento de agua potable en varios sectores. Esto luego de transcurrir m\u00e1s de una semana en que se haya superado el problema por la rotura de una tuber\u00eda de conducci\u00f3n de agua a la planta de tratamiento. F\u00e9lix Moreira cont\u00f3 que algunas personas se han visto en la necesidad de compartir sus reservas con sus vecinos.\u00a0<\/span>\n<p><span style=\"font-weight: 400;\">La ciudadan\u00eda tambi\u00e9n se ha estado abasteciendo gracias al agua de lluvia, lo que los ha estado aliviando la situaci\u00f3n. En cooperativas como en la 30 de julio, en Las Palmeras y otras zonas los habitantes reportan inconvenientes por la falta de agua potable.\u00a0<\/span><\/p>\n<p><span style=\"font-weight: 400;\">Las personas reniegan de que tras varios d\u00edas tengan que soportar los problemas por la falta del l\u00edquido vital. Un hecho que los deja\u00a0 profundamente preocupados.\u00a0<\/span><\/p>\n<p><span style=\"font-weight: 400;\">En el mes de febrero la Empresa P\u00fablica de Agua Potable y Alcantarillado ejecut\u00f3 trabajos de mantenimiento lo que provoc\u00f3 que se redujera la producci\u00f3n de agua por varios d\u00edas. Posteriormente las novedades que se registraron con la tuber\u00eda de conducci\u00f3n se resolvieron antes de salir del feriado de carnaval y este ofreci\u00f3 que el suministro iba a ser normalizado.\u00a0<\/span><\/p>\n<p>\u00a0<\/p>\n<p><iframe title=\"LA COMUNIDAD - CONTIN\u00daAN LOS PROBLEMAS DE ABASTECIMIENTO DE AGUA POTABLE EN SANTO DOMINGO\" width=\"800\" height=\"450\" src=\"https:\/\/www.youtube.com\/embed\/4JLOkfXo6F0?feature=oembed\" frameborder=\"0\" allow=\"accelerometer; autoplay; clipboard-write; encrypted-media; gyroscope; picture-in-picture; web-share\" referrerpolicy=\"strict-origin-when-cross-origin\" allowfullscreen><\/iframe><\/p>\n<\/body>","protected":false},"excerpt":{"rendered":"<p>En la ciudad de Santo Domingo persiste el inconveniente por la falta de abastecimiento de agua potable en varios sectores. Esto luego de transcurrir m\u00e1s de una semana en que se haya superado el problema por la rotura de una tuber\u00eda de conducci\u00f3n de agua a la planta de tratamiento. F\u00e9lix Moreira cont\u00f3 que algunas [&hellip;]<\/p>\n","protected":false},"author":4,"featured_media":17977,"comment_status":"closed","ping_status":"closed","sticky":false,"template":"","format":"standard","meta":{"om_disable_all_campaigns":false,"_joinchat":[],"footnotes":""},"categories":[25],"tags":[],"class_list":["post-17976","post","type-post","status-publish","format-standard","has-post-thumbnail","hentry","category-la-comunidad"],"_links":{"self":[{"href":"https:\/\/zaracaytv.com\/index.php?rest_route=\/wp\/v2\/posts\/17976","targetHints":{"allow":["GET"]}}],"collection":[{"href":"https:\/\/zaracaytv.com\/index.php?rest_route=\/wp\/v2\/posts"}],"about":[{"href":"https:\/\/zaracaytv.com\/index.php?rest_route=\/wp\/v2\/types\/post"}],"author":[{"embeddable":true,"href":"https:\/\/zaracaytv.com\/index.php?rest_route=\/wp\/v2\/users\/4"}],"replies":[{"embeddable":true,"href":"https:\/\/zaracaytv.com\/index.php?rest_route=%2Fwp%2Fv2%2Fcomments&post=17976"}],"version-history":[{"count":1,"href":"https:\/\/zaracaytv.com\/index.php?rest_route=\/wp\/v2\/posts\/17976\/revisions"}],"predecessor-version":[{"id":17978,"href":"https:\/\/zaracaytv.com\/index.php?rest_route=\/wp\/v2\/posts\/17976\/revisions\/17978"}],"wp:featuredmedia":[{"embeddable":true,"href":"https:\/\/zaracaytv.com\/index.php?rest_route=\/wp\/v2\/media\/17977"}],"wp:attachment":[{"href":"https:\/\/zaracaytv.com\/index.php?rest_route=%2Fwp%2Fv2%2Fmedia&parent=17976"}],"wp:term":[{"taxonomy":"category","embeddable":true,"href":"https:\/\/zaracaytv.com\/index.php?rest_route=%2Fwp%2Fv2%2Fcategories&post=17976"},{"taxonomy":"post_tag","embeddable":true,"href":"https:\/\/zaracaytv.com\/index.php?rest_route=%2Fwp%2Fv2%2Ftags&post=17976"}],"curies":[{"name":"wp","href":"https:\/\/api.w.org\/{rel}","templated":true}]}}