{"id":16801,"date":"2024-11-21T20:14:45","date_gmt":"2024-11-22T01:14:45","guid":{"rendered":"https:\/\/zaracaytv.com\/?p=16801"},"modified":"2024-11-21T20:22:12","modified_gmt":"2024-11-22T01:22:12","slug":"16801","status":"publish","type":"post","link":"https:\/\/zaracaytv.com\/?p=16801","title":{"rendered":"ESTUDIANTES MOSTRARON SU APOYO A LA CREACI\u00d3N DE LA UNIVERSIDAD ESTATAL DE SANTO DOMINGO"},"content":{"rendered":"<body><p><\/p><img loading=\"lazy\" decoding=\"async\" class=\"size-medium wp-image-16802 alignleft\" src=\"https:\/\/zaracaytv.com\/wp-content\/uploads\/2024\/11\/estudiantes-300x139.png\" alt=\"\" width=\"300\" height=\"139\" loading=\"lazy\" srcset=\"https:\/\/zaracaytv.com\/wp-content\/uploads\/2024\/11\/estudiantes-300x139.png 300w, https:\/\/zaracaytv.com\/wp-content\/uploads\/2024\/11\/estudiantes-1024x473.png 1024w, https:\/\/zaracaytv.com\/wp-content\/uploads\/2024\/11\/estudiantes-768x355.png 768w, https:\/\/zaracaytv.com\/wp-content\/uploads\/2024\/11\/estudiantes-570x263.png 570w, https:\/\/zaracaytv.com\/wp-content\/uploads\/2024\/11\/estudiantes-270x125.png 270w, https:\/\/zaracaytv.com\/wp-content\/uploads\/2024\/11\/estudiantes.png 1476w\" sizes=\"auto, (max-width: 300px) 100vw, 300px\" \/>Una c\u00e9lula de La Federaci\u00f3n de Estudiantes del Ecuador de Santo Domingo expres\u00f3 su apoyo a la aprobaci\u00f3n de la Ley para la Creaci\u00f3n de la Universidad de Santo Domingo de los Ts\u00e1chilas se\u00f1al\u00f3 Damaris Zurita, presidenta de los J\u00f3venes Revolucionarios del Ecuador, quien describi\u00f3 como un hecho hist\u00f3rico este proceso, sobre todo porque muchos j\u00f3venes podr\u00e1n estudiar en la provincia.\n<p>Sin embargo, una preocupaci\u00f3n de los estudiantes es la limitada oferta en las carreras con las cuales iniciar\u00e1 la universidad, pues son 4 las que se ofertar\u00e1n, entre ellas: Agronegocios, Emprendimiento e Innovaci\u00f3n Social, Medicina Veterinaria y Alimentos.<\/p>\n<p>Los padres de familia explican que es necesario que se destine de inmediato el presupuesto para la universidad, una vez que se haya aprobado el proyecto de Ley. Esto con el objetivo de que la misma comience a funcionar en paralelo a su construcci\u00f3n.<\/p>\n<p>Tambi\u00e9n se destac\u00f3 la lucha impulsada por varios actores sociales de Santo Domingo a lo largo de estos a\u00f1os.<\/p>\n<\/body>","protected":false},"excerpt":{"rendered":"<p>Una c\u00e9lula de La Federaci\u00f3n de Estudiantes del Ecuador de Santo Domingo expres\u00f3 su apoyo a la aprobaci\u00f3n de la Ley para la Creaci\u00f3n de la Universidad de Santo Domingo de los Ts\u00e1chilas se\u00f1al\u00f3 Damaris Zurita, presidenta de los J\u00f3venes Revolucionarios del Ecuador, quien describi\u00f3 como un hecho hist\u00f3rico este proceso, sobre todo porque muchos [&hellip;]<\/p>\n","protected":false},"author":4,"featured_media":16802,"comment_status":"closed","ping_status":"closed","sticky":false,"template":"","format":"standard","meta":{"om_disable_all_campaigns":false,"_joinchat":[],"footnotes":""},"categories":[31],"tags":[],"class_list":["post-16801","post","type-post","status-publish","format-standard","has-post-thumbnail","hentry","category-la-region"],"_links":{"self":[{"href":"https:\/\/zaracaytv.com\/index.php?rest_route=\/wp\/v2\/posts\/16801","targetHints":{"allow":["GET"]}}],"collection":[{"href":"https:\/\/zaracaytv.com\/index.php?rest_route=\/wp\/v2\/posts"}],"about":[{"href":"https:\/\/zaracaytv.com\/index.php?rest_route=\/wp\/v2\/types\/post"}],"author":[{"embeddable":true,"href":"https:\/\/zaracaytv.com\/index.php?rest_route=\/wp\/v2\/users\/4"}],"replies":[{"embeddable":true,"href":"https:\/\/zaracaytv.com\/index.php?rest_route=%2Fwp%2Fv2%2Fcomments&post=16801"}],"version-history":[{"count":2,"href":"https:\/\/zaracaytv.com\/index.php?rest_route=\/wp\/v2\/posts\/16801\/revisions"}],"predecessor-version":[{"id":16810,"href":"https:\/\/zaracaytv.com\/index.php?rest_route=\/wp\/v2\/posts\/16801\/revisions\/16810"}],"wp:featuredmedia":[{"embeddable":true,"href":"https:\/\/zaracaytv.com\/index.php?rest_route=\/wp\/v2\/media\/16802"}],"wp:attachment":[{"href":"https:\/\/zaracaytv.com\/index.php?rest_route=%2Fwp%2Fv2%2Fmedia&parent=16801"}],"wp:term":[{"taxonomy":"category","embeddable":true,"href":"https:\/\/zaracaytv.com\/index.php?rest_route=%2Fwp%2Fv2%2Fcategories&post=16801"},{"taxonomy":"post_tag","embeddable":true,"href":"https:\/\/zaracaytv.com\/index.php?rest_route=%2Fwp%2Fv2%2Ftags&post=16801"}],"curies":[{"name":"wp","href":"https:\/\/api.w.org\/{rel}","templated":true}]}}