{"id":16798,"date":"2024-11-21T20:11:03","date_gmt":"2024-11-22T01:11:03","guid":{"rendered":"https:\/\/zaracaytv.com\/?p=16798"},"modified":"2024-11-21T20:11:03","modified_gmt":"2024-11-22T01:11:03","slug":"se-aprobo-por-unanimidad-la-ley-de-creacion-de-la-universidad-para-santo-domingo","status":"publish","type":"post","link":"https:\/\/zaracaytv.com\/?p=16798","title":{"rendered":"SE APROB\u00d3 POR UNANIMIDAD LA LEY DE CREACI\u00d3N DE LA UNIVERSIDAD PARA SANTO DOMINGO"},"content":{"rendered":"<body><p><\/p><img loading=\"lazy\" decoding=\"async\" class=\"size-medium wp-image-16799 alignleft\" src=\"https:\/\/zaracaytv.com\/wp-content\/uploads\/2024\/11\/uni-300x137.png\" alt=\"\" width=\"300\" height=\"137\" loading=\"lazy\" srcset=\"https:\/\/zaracaytv.com\/wp-content\/uploads\/2024\/11\/uni-300x137.png 300w, https:\/\/zaracaytv.com\/wp-content\/uploads\/2024\/11\/uni-1024x469.png 1024w, https:\/\/zaracaytv.com\/wp-content\/uploads\/2024\/11\/uni-768x352.png 768w, https:\/\/zaracaytv.com\/wp-content\/uploads\/2024\/11\/uni-570x261.png 570w, https:\/\/zaracaytv.com\/wp-content\/uploads\/2024\/11\/uni-270x124.png 270w, https:\/\/zaracaytv.com\/wp-content\/uploads\/2024\/11\/uni.png 1457w\" sizes=\"auto, (max-width: 300px) 100vw, 300px\" \/>El sue\u00f1o de contar con una universidad p\u00fablica para Santo Domingo de los Ts\u00e1chilas por fin se hizo realidad este jueves 21 de noviembre. Con la aprobaci\u00f3n un\u00e1nime de 115 votos a favor se aprob\u00f3 el proyecto para este fin en el Pleno de la Asamblea Nacional. Tuvieron que pasar varias d\u00e9cadas para que llegue este momento. Con este centro acad\u00e9mico unos 20.000 bachilleres podr\u00e1n escoger seguir sus estudios superiores en esta provincia. De esta cifra, cerca de 10.000 estudiantes pertenecen a Santo Domingo de los Ts\u00e1chilas y el resto vendr\u00edan de las regiones aleda\u00f1as: Cotopaxi, Esmeraldas, Los R\u00edos y el noroccidente de Pichincha.\n<p>Se destac\u00f3 que una gran mayor\u00eda\u00a0de bachilleres ven sus sue\u00f1os frustrados o tienen que viajar a las grandes ciudades para continuar sus estudios, pero tendr\u00e1n la oportunidad de quedarse en Santo Domingo de los Ts\u00e1chilas.<\/p>\n<p>El asamble\u00edsta por Santo Domingo de los Ts\u00e1chilas, Geovanny Ben\u00edtez, destac\u00f3 que esto mejorar\u00e1 el capital social.<\/p>\n<p>En la primera etapa se recibir\u00e1n cerca de 500 estudiantes, los dirigentes de organizaciones sociales de Santo Domingo desean que las clases empiecen lo m\u00e1s pronto posible y por eso han puesto a disposici\u00f3n instalaciones educativas hasta que se construya la infraestructura planificada para el pr\u00f3ximo a\u00f1o. La prefecta de la provincia, Johana N\u00fa\u00f1ez, en su intervenci\u00f3n en el pleno ofreci\u00f3 un terreno de 35,7 hect\u00e1reas.\u00a0Adem\u00e1s, se resalt\u00f3 que la oferta acad\u00e9mica se completar\u00e1 progresivamente.<\/p>\n<p>\u00a0<\/p>\n<p>\u00a0<\/p>\n<p>\u00a0<\/p>\n<\/body>","protected":false},"excerpt":{"rendered":"<p>El sue\u00f1o de contar con una universidad p\u00fablica para Santo Domingo de los Ts\u00e1chilas por fin se hizo realidad este jueves 21 de noviembre. Con la aprobaci\u00f3n un\u00e1nime de 115 votos a favor se aprob\u00f3 el proyecto para este fin en el Pleno de la Asamblea Nacional. Tuvieron que pasar varias d\u00e9cadas para que llegue [&hellip;]<\/p>\n","protected":false},"author":4,"featured_media":16799,"comment_status":"closed","ping_status":"closed","sticky":false,"template":"","format":"standard","meta":{"om_disable_all_campaigns":false,"_joinchat":[],"footnotes":""},"categories":[31],"tags":[],"class_list":["post-16798","post","type-post","status-publish","format-standard","has-post-thumbnail","hentry","category-la-region"],"_links":{"self":[{"href":"https:\/\/zaracaytv.com\/index.php?rest_route=\/wp\/v2\/posts\/16798","targetHints":{"allow":["GET"]}}],"collection":[{"href":"https:\/\/zaracaytv.com\/index.php?rest_route=\/wp\/v2\/posts"}],"about":[{"href":"https:\/\/zaracaytv.com\/index.php?rest_route=\/wp\/v2\/types\/post"}],"author":[{"embeddable":true,"href":"https:\/\/zaracaytv.com\/index.php?rest_route=\/wp\/v2\/users\/4"}],"replies":[{"embeddable":true,"href":"https:\/\/zaracaytv.com\/index.php?rest_route=%2Fwp%2Fv2%2Fcomments&post=16798"}],"version-history":[{"count":1,"href":"https:\/\/zaracaytv.com\/index.php?rest_route=\/wp\/v2\/posts\/16798\/revisions"}],"predecessor-version":[{"id":16800,"href":"https:\/\/zaracaytv.com\/index.php?rest_route=\/wp\/v2\/posts\/16798\/revisions\/16800"}],"wp:featuredmedia":[{"embeddable":true,"href":"https:\/\/zaracaytv.com\/index.php?rest_route=\/wp\/v2\/media\/16799"}],"wp:attachment":[{"href":"https:\/\/zaracaytv.com\/index.php?rest_route=%2Fwp%2Fv2%2Fmedia&parent=16798"}],"wp:term":[{"taxonomy":"category","embeddable":true,"href":"https:\/\/zaracaytv.com\/index.php?rest_route=%2Fwp%2Fv2%2Fcategories&post=16798"},{"taxonomy":"post_tag","embeddable":true,"href":"https:\/\/zaracaytv.com\/index.php?rest_route=%2Fwp%2Fv2%2Ftags&post=16798"}],"curies":[{"name":"wp","href":"https:\/\/api.w.org\/{rel}","templated":true}]}}