{"id":16794,"date":"2024-11-18T20:24:41","date_gmt":"2024-11-19T01:24:41","guid":{"rendered":"https:\/\/zaracaytv.com\/?p=16794"},"modified":"2024-11-18T20:24:41","modified_gmt":"2024-11-19T01:24:41","slug":"con-la-venta-de-energia-de-colombia-a-ecuador-se-reducen-los-apagones-a-8-horas","status":"publish","type":"post","link":"https:\/\/zaracaytv.com\/?p=16794","title":{"rendered":"CON LA VENTA DE ENERG\u00cdA DE COLOMBIA A ECUADOR SE REDUCEN LOS APAGONES A 8 HORAS"},"content":{"rendered":"<body><p><\/p><img loading=\"lazy\" decoding=\"async\" class=\"size-medium wp-image-16795 alignleft\" src=\"https:\/\/zaracaytv.com\/wp-content\/uploads\/2024\/11\/liz-300x136.png\" alt=\"\" width=\"300\" height=\"136\" loading=\"lazy\" srcset=\"https:\/\/zaracaytv.com\/wp-content\/uploads\/2024\/11\/liz-300x136.png 300w, https:\/\/zaracaytv.com\/wp-content\/uploads\/2024\/11\/liz-1024x466.png 1024w, https:\/\/zaracaytv.com\/wp-content\/uploads\/2024\/11\/liz-768x349.png 768w, https:\/\/zaracaytv.com\/wp-content\/uploads\/2024\/11\/liz-570x259.png 570w, https:\/\/zaracaytv.com\/wp-content\/uploads\/2024\/11\/liz-270x123.png 270w, https:\/\/zaracaytv.com\/wp-content\/uploads\/2024\/11\/liz.png 1242w\" sizes=\"auto, (max-width: 300px) 100vw, 300px\" \/>Las \u00faltimas precipitaciones y el anuncio de la venta de energ\u00eda de Colombia a Ecuador han ayudado a que los cortes de energ\u00eda en el pa\u00eds se reduzcan a 8 horas. El Ministerio de Energ\u00eda y Minas inform\u00f3 que desde este 18 de noviembre hasta el jueves 21 estos se mantendr\u00e1n. In\u00e9s Manzano, ministra de esta cartera de Estado, enfatiz\u00f3 que desde el domingo 17 se est\u00e1 recibiendo 440 megavatios del vecino pa\u00eds.\n<p>Sin embargo, el sector comercial de cantones como Santo Domingo reporta una baja afluencia de clientes debido a este problema. Varios locales lucen vac\u00edos y esto ha generado p\u00e9rdidas para estas empresas. Algunos explican que adquirir un generador no es una opci\u00f3n por sus precios y la cantidad de estafas que se han reportado por redes sociales.<\/p>\n<p>Los propietarios de negocios explican que no solo enfrentan los cortes de energ\u00eda si no tambi\u00e9n la inseguridad, pues en las noches ciertas zonas del cant\u00f3n son oscuras siendo aprovechada por los antisociales, por lo que muchos prefieren cerrar.<\/p>\n<p>A este problema se suma que el agua potable no llega a varios sectores. Muchos de ellos dependen del servicio al no tener cisternas donde almacenar el l\u00edquido. Cabe se\u00f1alar que, debido al d\u00e9ficit h\u00eddrico, sequ\u00eda e incendios forestales, el Gobierno decret\u00f3 durante 60 d\u00edas desde hoy, emergencia nacional.<\/p>\n<p>\u00a0<\/p>\n<\/body>","protected":false},"excerpt":{"rendered":"<p>Las \u00faltimas precipitaciones y el anuncio de la venta de energ\u00eda de Colombia a Ecuador han ayudado a que los cortes de energ\u00eda en el pa\u00eds se reduzcan a 8 horas. El Ministerio de Energ\u00eda y Minas inform\u00f3 que desde este 18 de noviembre hasta el jueves 21 estos se mantendr\u00e1n. In\u00e9s Manzano, ministra de [&hellip;]<\/p>\n","protected":false},"author":4,"featured_media":16795,"comment_status":"closed","ping_status":"closed","sticky":false,"template":"","format":"standard","meta":{"om_disable_all_campaigns":false,"_joinchat":[],"footnotes":""},"categories":[31],"tags":[],"class_list":["post-16794","post","type-post","status-publish","format-standard","has-post-thumbnail","hentry","category-la-region"],"_links":{"self":[{"href":"https:\/\/zaracaytv.com\/index.php?rest_route=\/wp\/v2\/posts\/16794","targetHints":{"allow":["GET"]}}],"collection":[{"href":"https:\/\/zaracaytv.com\/index.php?rest_route=\/wp\/v2\/posts"}],"about":[{"href":"https:\/\/zaracaytv.com\/index.php?rest_route=\/wp\/v2\/types\/post"}],"author":[{"embeddable":true,"href":"https:\/\/zaracaytv.com\/index.php?rest_route=\/wp\/v2\/users\/4"}],"replies":[{"embeddable":true,"href":"https:\/\/zaracaytv.com\/index.php?rest_route=%2Fwp%2Fv2%2Fcomments&post=16794"}],"version-history":[{"count":1,"href":"https:\/\/zaracaytv.com\/index.php?rest_route=\/wp\/v2\/posts\/16794\/revisions"}],"predecessor-version":[{"id":16796,"href":"https:\/\/zaracaytv.com\/index.php?rest_route=\/wp\/v2\/posts\/16794\/revisions\/16796"}],"wp:featuredmedia":[{"embeddable":true,"href":"https:\/\/zaracaytv.com\/index.php?rest_route=\/wp\/v2\/media\/16795"}],"wp:attachment":[{"href":"https:\/\/zaracaytv.com\/index.php?rest_route=%2Fwp%2Fv2%2Fmedia&parent=16794"}],"wp:term":[{"taxonomy":"category","embeddable":true,"href":"https:\/\/zaracaytv.com\/index.php?rest_route=%2Fwp%2Fv2%2Fcategories&post=16794"},{"taxonomy":"post_tag","embeddable":true,"href":"https:\/\/zaracaytv.com\/index.php?rest_route=%2Fwp%2Fv2%2Ftags&post=16794"}],"curies":[{"name":"wp","href":"https:\/\/api.w.org\/{rel}","templated":true}]}}