{"id":16791,"date":"2024-11-18T20:20:21","date_gmt":"2024-11-19T01:20:21","guid":{"rendered":"https:\/\/zaracaytv.com\/?p=16791"},"modified":"2024-11-18T20:20:21","modified_gmt":"2024-11-19T01:20:21","slug":"el-25-de-noviembre-se-realizara-una-marcha-pacifica-por-el-dia-de-la-no-violencia-contra-la-mujer","status":"publish","type":"post","link":"https:\/\/zaracaytv.com\/?p=16791","title":{"rendered":"EL 25 DE NOVIEMBRE SE REALIZAR\u00c1 UNA MARCHA PAC\u00cdFICA POR EL D\u00cdA DE LA NO VIOLENCIA CONTRA LA MUJER"},"content":{"rendered":"<body><p><\/p><img loading=\"lazy\" decoding=\"async\" class=\"size-medium wp-image-16792 alignleft\" src=\"https:\/\/zaracaytv.com\/wp-content\/uploads\/2024\/11\/Captura-marcfa-300x153.png\" alt=\"\" width=\"300\" height=\"153\" loading=\"lazy\" srcset=\"https:\/\/zaracaytv.com\/wp-content\/uploads\/2024\/11\/Captura-marcfa-300x153.png 300w, https:\/\/zaracaytv.com\/wp-content\/uploads\/2024\/11\/Captura-marcfa-1024x524.png 1024w, https:\/\/zaracaytv.com\/wp-content\/uploads\/2024\/11\/Captura-marcfa-768x393.png 768w, https:\/\/zaracaytv.com\/wp-content\/uploads\/2024\/11\/Captura-marcfa-570x292.png 570w, https:\/\/zaracaytv.com\/wp-content\/uploads\/2024\/11\/Captura-marcfa-270x138.png 270w, https:\/\/zaracaytv.com\/wp-content\/uploads\/2024\/11\/Captura-marcfa.png 1396w\" sizes=\"auto, (max-width: 300px) 100vw, 300px\" \/>Las organizaciones sociales de mujeres de Santo Domingo convocaron para este pr\u00f3ximo lunes 25 noviembre a una marcha pac\u00edfica que empezar\u00e1 desde el parque Central Zaracay hacia el redondel del C\u00edrculo de los Continentes. La representante de Mujeres por el Cambio, Teresa Bola\u00f1os, expuso que en lo que va del a\u00f1o se han registrado varios femicidios a escala nacional, cifras que deber\u00edan preocupar a todas las autoridades del pa\u00eds.\n<p>Este lunes 25 de noviembre se conmemora el D\u00eda Internacional de la NO violencia contra la Mujer. Fecha en que tambi\u00e9n quieren marchar para protestar de manera pac\u00edfica por las consecuencias que est\u00e1n teniendo las miles de madres en el contexto de los apagones.<\/p>\n<p>La concentraci\u00f3n est\u00e1 programada para las 10 de la ma\u00f1ana en los bajos del Municipio de Santo Domingo. Esperan que la ciudadan\u00eda se sume a esta actividad.<\/p>\n<p>Uno de los puntos que tambi\u00e9n quieren dejar claro es sobre las decisiones gubernamentales en referencia a la falta de generaci\u00f3n de las fuentes de empleo, principalmente para las mujeres del pa\u00eds. Esta jornada para conmemorar el d\u00eda de la No violencia contra la mujer se desarrollar\u00e1 a nivel nacional.<\/p>\n<\/body>","protected":false},"excerpt":{"rendered":"<p>Las organizaciones sociales de mujeres de Santo Domingo convocaron para este pr\u00f3ximo lunes 25 noviembre a una marcha pac\u00edfica que empezar\u00e1 desde el parque Central Zaracay hacia el redondel del C\u00edrculo de los Continentes. La representante de Mujeres por el Cambio, Teresa Bola\u00f1os, expuso que en lo que va del a\u00f1o se han registrado varios [&hellip;]<\/p>\n","protected":false},"author":4,"featured_media":16792,"comment_status":"closed","ping_status":"closed","sticky":false,"template":"","format":"standard","meta":{"om_disable_all_campaigns":false,"_joinchat":[],"footnotes":""},"categories":[31],"tags":[],"class_list":["post-16791","post","type-post","status-publish","format-standard","has-post-thumbnail","hentry","category-la-region"],"_links":{"self":[{"href":"https:\/\/zaracaytv.com\/index.php?rest_route=\/wp\/v2\/posts\/16791","targetHints":{"allow":["GET"]}}],"collection":[{"href":"https:\/\/zaracaytv.com\/index.php?rest_route=\/wp\/v2\/posts"}],"about":[{"href":"https:\/\/zaracaytv.com\/index.php?rest_route=\/wp\/v2\/types\/post"}],"author":[{"embeddable":true,"href":"https:\/\/zaracaytv.com\/index.php?rest_route=\/wp\/v2\/users\/4"}],"replies":[{"embeddable":true,"href":"https:\/\/zaracaytv.com\/index.php?rest_route=%2Fwp%2Fv2%2Fcomments&post=16791"}],"version-history":[{"count":1,"href":"https:\/\/zaracaytv.com\/index.php?rest_route=\/wp\/v2\/posts\/16791\/revisions"}],"predecessor-version":[{"id":16793,"href":"https:\/\/zaracaytv.com\/index.php?rest_route=\/wp\/v2\/posts\/16791\/revisions\/16793"}],"wp:featuredmedia":[{"embeddable":true,"href":"https:\/\/zaracaytv.com\/index.php?rest_route=\/wp\/v2\/media\/16792"}],"wp:attachment":[{"href":"https:\/\/zaracaytv.com\/index.php?rest_route=%2Fwp%2Fv2%2Fmedia&parent=16791"}],"wp:term":[{"taxonomy":"category","embeddable":true,"href":"https:\/\/zaracaytv.com\/index.php?rest_route=%2Fwp%2Fv2%2Fcategories&post=16791"},{"taxonomy":"post_tag","embeddable":true,"href":"https:\/\/zaracaytv.com\/index.php?rest_route=%2Fwp%2Fv2%2Ftags&post=16791"}],"curies":[{"name":"wp","href":"https:\/\/api.w.org\/{rel}","templated":true}]}}