{"id":16788,"date":"2024-11-18T20:15:15","date_gmt":"2024-11-19T01:15:15","guid":{"rendered":"https:\/\/zaracaytv.com\/?p=16788"},"modified":"2024-11-18T20:15:15","modified_gmt":"2024-11-19T01:15:15","slug":"la-activista-social-paulina-rueda-fue-encontrada-en-manabi","status":"publish","type":"post","link":"https:\/\/zaracaytv.com\/?p=16788","title":{"rendered":"LA ACTIVISTA SOCIAL PAULINA RUEDA FUE ENCONTRADA EN MANAB\u00cd"},"content":{"rendered":"<body><p><\/p><img loading=\"lazy\" decoding=\"async\" class=\"size-medium wp-image-16789 alignleft\" src=\"https:\/\/zaracaytv.com\/wp-content\/uploads\/2024\/11\/DESAP-300x205.png\" alt=\"\" width=\"300\" height=\"205\" loading=\"lazy\" srcset=\"https:\/\/zaracaytv.com\/wp-content\/uploads\/2024\/11\/DESAP-300x205.png 300w, https:\/\/zaracaytv.com\/wp-content\/uploads\/2024\/11\/DESAP-1024x698.png 1024w, https:\/\/zaracaytv.com\/wp-content\/uploads\/2024\/11\/DESAP-768x524.png 768w, https:\/\/zaracaytv.com\/wp-content\/uploads\/2024\/11\/DESAP-484x330.png 484w, https:\/\/zaracaytv.com\/wp-content\/uploads\/2024\/11\/DESAP-264x180.png 264w, https:\/\/zaracaytv.com\/wp-content\/uploads\/2024\/11\/DESAP.png 1233w\" sizes=\"auto, (max-width: 300px) 100vw, 300px\" \/>Los d\u00edas y horas de angustia de los familiares de la reconocida activista social de Santo Domingo, Paulina Rueda, terminaron la madrugada de este s\u00e1bado 16 de noviembre al conocer que por fin apareci\u00f3 con vida. Una de sus hijas, Pamela Cisneros, confirm\u00f3 que Rueda lleg\u00f3 a la ciudad sana y a salvo. La Direcci\u00f3n Nacional de Delitos contra la Vida, Muertes Violentas, Desapariciones, Extorsi\u00f3n y Secuestro (DINASED) la habr\u00eda encontrado en el cant\u00f3n Tosagua, provincia de Manab\u00ed.\n<p>Paulina Rueda de 54 a\u00f1os de edad apareci\u00f3 en un video que circul\u00f3 en redes sociales para agradecer por su apoyo. Ella es madre de 4 hijos, lider\u00f3 las protestas por su sobrina Yuliana Mac\u00edas, una de las tres j\u00f3venes asesinadas en Quinind\u00e9, en abril de 2023. Su hijo tambi\u00e9n fue asesinado en septiembre del a\u00f1o pasado en un asalto. Todo esto lleva a especular a los familiares de Paulina de que su desaparici\u00f3n fue provocada desde el 13 de noviembre.<\/p>\n<p>Los familiares y amigos de Paulina, antes de conocer de su aparici\u00f3n hab\u00edan convocado a una marcha para este s\u00e1bado 16 de noviembre en horas de la ma\u00f1ana. El punto de concentraci\u00f3n fue el C\u00edrculo de los Continentes para alzar su voz de protesta contra la inseguridad. All\u00ed al conocer de la buena noticia celebraron por la salud de la activista social.<\/p>\n<p>Este caso tambi\u00e9n caus\u00f3 preocupaci\u00f3n a nivel nacional, m\u00e1s a conocer informaci\u00f3n que circulaba en las redes sociales que hablaban de un supuesto deceso y peor a\u00fan ante la falta de pronunciamiento de la Polic\u00eda.<\/p>\n<\/body>","protected":false},"excerpt":{"rendered":"<p>Los d\u00edas y horas de angustia de los familiares de la reconocida activista social de Santo Domingo, Paulina Rueda, terminaron la madrugada de este s\u00e1bado 16 de noviembre al conocer que por fin apareci\u00f3 con vida. Una de sus hijas, Pamela Cisneros, confirm\u00f3 que Rueda lleg\u00f3 a la ciudad sana y a salvo. La Direcci\u00f3n [&hellip;]<\/p>\n","protected":false},"author":4,"featured_media":16789,"comment_status":"closed","ping_status":"closed","sticky":false,"template":"","format":"standard","meta":{"om_disable_all_campaigns":false,"_joinchat":[],"footnotes":""},"categories":[31],"tags":[],"class_list":["post-16788","post","type-post","status-publish","format-standard","has-post-thumbnail","hentry","category-la-region"],"_links":{"self":[{"href":"https:\/\/zaracaytv.com\/index.php?rest_route=\/wp\/v2\/posts\/16788","targetHints":{"allow":["GET"]}}],"collection":[{"href":"https:\/\/zaracaytv.com\/index.php?rest_route=\/wp\/v2\/posts"}],"about":[{"href":"https:\/\/zaracaytv.com\/index.php?rest_route=\/wp\/v2\/types\/post"}],"author":[{"embeddable":true,"href":"https:\/\/zaracaytv.com\/index.php?rest_route=\/wp\/v2\/users\/4"}],"replies":[{"embeddable":true,"href":"https:\/\/zaracaytv.com\/index.php?rest_route=%2Fwp%2Fv2%2Fcomments&post=16788"}],"version-history":[{"count":1,"href":"https:\/\/zaracaytv.com\/index.php?rest_route=\/wp\/v2\/posts\/16788\/revisions"}],"predecessor-version":[{"id":16790,"href":"https:\/\/zaracaytv.com\/index.php?rest_route=\/wp\/v2\/posts\/16788\/revisions\/16790"}],"wp:featuredmedia":[{"embeddable":true,"href":"https:\/\/zaracaytv.com\/index.php?rest_route=\/wp\/v2\/media\/16789"}],"wp:attachment":[{"href":"https:\/\/zaracaytv.com\/index.php?rest_route=%2Fwp%2Fv2%2Fmedia&parent=16788"}],"wp:term":[{"taxonomy":"category","embeddable":true,"href":"https:\/\/zaracaytv.com\/index.php?rest_route=%2Fwp%2Fv2%2Fcategories&post=16788"},{"taxonomy":"post_tag","embeddable":true,"href":"https:\/\/zaracaytv.com\/index.php?rest_route=%2Fwp%2Fv2%2Ftags&post=16788"}],"curies":[{"name":"wp","href":"https:\/\/api.w.org\/{rel}","templated":true}]}}