{"id":16133,"date":"2024-09-20T12:11:43","date_gmt":"2024-09-20T17:11:43","guid":{"rendered":"https:\/\/zaracaytv.com\/?p=16133"},"modified":"2024-09-20T12:11:43","modified_gmt":"2024-09-20T17:11:43","slug":"se-desarrollo-la-feria-de-ciencia-y-tecnologia-en-la-uees","status":"publish","type":"post","link":"https:\/\/zaracaytv.com\/?p=16133","title":{"rendered":"SE DESARROLL\u00d3 LA FERIA DE CIENCIA Y TECNOLOG\u00cdA EN LA UEES"},"content":{"rendered":"<body><p><\/p><img loading=\"lazy\" decoding=\"async\" class=\"size-medium wp-image-16134 alignleft\" src=\"https:\/\/zaracaytv.com\/wp-content\/uploads\/2024\/09\/fhffd-300x169.png\" alt=\"\" width=\"300\" height=\"169\" loading=\"lazy\" srcset=\"https:\/\/zaracaytv.com\/wp-content\/uploads\/2024\/09\/fhffd-300x169.png 300w, https:\/\/zaracaytv.com\/wp-content\/uploads\/2024\/09\/fhffd-1024x577.png 1024w, https:\/\/zaracaytv.com\/wp-content\/uploads\/2024\/09\/fhffd-768x433.png 768w, https:\/\/zaracaytv.com\/wp-content\/uploads\/2024\/09\/fhffd-570x321.png 570w, https:\/\/zaracaytv.com\/wp-content\/uploads\/2024\/09\/fhffd-270x152.png 270w, https:\/\/zaracaytv.com\/wp-content\/uploads\/2024\/09\/fhffd.png 1318w\" sizes=\"auto, (max-width: 300px) 100vw, 300px\" \/>Los ni\u00f1os, ni\u00f1as y adolescentes fueron los encargados de sorprender a sus padres al exponer sus creaciones sobre la ciencia y tecnolog\u00eda en la Feria que se desarroll\u00f3 en la Unidad Educativa Excelso Esp\u00edritu Santo. Los estudiantes hablaron de la mec\u00e1nica b\u00e1sica de los elevadores hidr\u00e1ulicos. Dariana Salas, hizo su exposici\u00f3n asegurando lo poderosa que puede ser el agua en este mecanismo gracias a la presi\u00f3n.\n<p>Otra excepcional presentaci\u00f3n fue la de Abner Cede\u00f1o, quien con su prototipo con\u00a0 sensores infrarrojos explic\u00f3 que es el futuro de la log\u00edstica.<\/p>\n<p>Las madres de familia se enorgullecen cada vez que\u00a0 ven a\u00a0 sus hijos explicar lo aprendido.<\/p>\n<p>Los m\u00e1s peque\u00f1itos realizaron exposiciones relacionadas a biotecnolog\u00eda. Tambi\u00e9n se desarrollaron muestras en \u00e1reas como la Rob\u00f3tica, Electromagnetismo y Pir\u00e1mides Alimenticias. A los alumnos se los cultiva para trabajar por competencias. Crear algo nuevo en lo que debaten para dar paso a la reflexi\u00f3n y finalmente aplicarlo, expuso el director acad\u00e9mico del plantel educativo, Roberto Campos.<\/p>\n<p>Seg\u00fan uno de los promotores de este templo educativo, Franco Loyola, la idea de este tipo de educaci\u00f3n es crecer hasta el punto de entregar una atenci\u00f3n directa a los estudiantes.<\/p>\n<p>Los 720 alumnos y toda la comunidad educativa finalizar\u00e1n las actividades art\u00edsticas y deportivas por los 17 a\u00f1os de vida institucional este viernes con una Sesi\u00f3n Solemne.<\/p>\n<\/body>","protected":false},"excerpt":{"rendered":"<p>Los ni\u00f1os, ni\u00f1as y adolescentes fueron los encargados de sorprender a sus padres al exponer sus creaciones sobre la ciencia y tecnolog\u00eda en la Feria que se desarroll\u00f3 en la Unidad Educativa Excelso Esp\u00edritu Santo. Los estudiantes hablaron de la mec\u00e1nica b\u00e1sica de los elevadores hidr\u00e1ulicos. Dariana Salas, hizo su exposici\u00f3n asegurando lo poderosa que [&hellip;]<\/p>\n","protected":false},"author":4,"featured_media":16134,"comment_status":"closed","ping_status":"closed","sticky":false,"template":"","format":"standard","meta":{"om_disable_all_campaigns":false,"_joinchat":[],"footnotes":""},"categories":[31],"tags":[],"class_list":["post-16133","post","type-post","status-publish","format-standard","has-post-thumbnail","hentry","category-la-region"],"_links":{"self":[{"href":"https:\/\/zaracaytv.com\/index.php?rest_route=\/wp\/v2\/posts\/16133","targetHints":{"allow":["GET"]}}],"collection":[{"href":"https:\/\/zaracaytv.com\/index.php?rest_route=\/wp\/v2\/posts"}],"about":[{"href":"https:\/\/zaracaytv.com\/index.php?rest_route=\/wp\/v2\/types\/post"}],"author":[{"embeddable":true,"href":"https:\/\/zaracaytv.com\/index.php?rest_route=\/wp\/v2\/users\/4"}],"replies":[{"embeddable":true,"href":"https:\/\/zaracaytv.com\/index.php?rest_route=%2Fwp%2Fv2%2Fcomments&post=16133"}],"version-history":[{"count":1,"href":"https:\/\/zaracaytv.com\/index.php?rest_route=\/wp\/v2\/posts\/16133\/revisions"}],"predecessor-version":[{"id":16135,"href":"https:\/\/zaracaytv.com\/index.php?rest_route=\/wp\/v2\/posts\/16133\/revisions\/16135"}],"wp:featuredmedia":[{"embeddable":true,"href":"https:\/\/zaracaytv.com\/index.php?rest_route=\/wp\/v2\/media\/16134"}],"wp:attachment":[{"href":"https:\/\/zaracaytv.com\/index.php?rest_route=%2Fwp%2Fv2%2Fmedia&parent=16133"}],"wp:term":[{"taxonomy":"category","embeddable":true,"href":"https:\/\/zaracaytv.com\/index.php?rest_route=%2Fwp%2Fv2%2Fcategories&post=16133"},{"taxonomy":"post_tag","embeddable":true,"href":"https:\/\/zaracaytv.com\/index.php?rest_route=%2Fwp%2Fv2%2Ftags&post=16133"}],"curies":[{"name":"wp","href":"https:\/\/api.w.org\/{rel}","templated":true}]}}