{"id":15581,"date":"2024-08-26T11:08:47","date_gmt":"2024-08-26T16:08:47","guid":{"rendered":"https:\/\/zaracaytv.com\/?p=15581"},"modified":"2024-08-26T11:09:36","modified_gmt":"2024-08-26T16:09:36","slug":"kendra-una-mascota-de-raza-pitbull-que-fue-atacada-con-un-machete","status":"publish","type":"post","link":"https:\/\/zaracaytv.com\/?p=15581","title":{"rendered":"KENDRA, UNA MASCOTA DE RAZA PITBULL QUE FUE ATACADA CON UN MACHETE"},"content":{"rendered":"<body><p><\/p><img loading=\"lazy\" decoding=\"async\" class=\"size-medium wp-image-15582 alignleft\" src=\"https:\/\/zaracaytv.com\/wp-content\/uploads\/2024\/08\/AEDR-300x169.png\" alt=\"\" width=\"300\" height=\"169\" loading=\"lazy\" srcset=\"https:\/\/zaracaytv.com\/wp-content\/uploads\/2024\/08\/AEDR-300x169.png 300w, https:\/\/zaracaytv.com\/wp-content\/uploads\/2024\/08\/AEDR-1024x577.png 1024w, https:\/\/zaracaytv.com\/wp-content\/uploads\/2024\/08\/AEDR-768x433.png 768w, https:\/\/zaracaytv.com\/wp-content\/uploads\/2024\/08\/AEDR-570x321.png 570w, https:\/\/zaracaytv.com\/wp-content\/uploads\/2024\/08\/AEDR-270x152.png 270w, https:\/\/zaracaytv.com\/wp-content\/uploads\/2024\/08\/AEDR.png 1287w\" sizes=\"auto, (max-width: 300px) 100vw, 300px\" \/>Ella es Kendra, una perrita de un a\u00f1o y un mes de edad que fue atacada este 22 de agosto con un machete por un ciudadano en el sector El Madrigal, perteneciente a la Cooperativa Caminos Vecinales. La due\u00f1a de la mascota mencion\u00f3 que las heridas le pudieron provocar la p\u00e9rdida de uno de sus ojos o incluso la muerte s\u00ed eran m\u00e1s profundas.\n<p>La due\u00f1a mencion\u00f3 que tomar\u00e1 las medidas judiciales correspondientes ante este incidente que casi le quita la vida a su mascota.<\/p>\n<p>El m\u00e9dico veterinario Jason G\u00f3mez, quien lleva el caso de Kendra, explic\u00f3 que la Pitbull est\u00e1 fuera de peligro y se encuentra estable.<\/p>\n<p>Seg\u00fan el C\u00f3digo Org\u00e1nico Integral Penal (COIP) en su art\u00edculo 249, las personas que cometan este tipo de acciones ser\u00e1n privadas de la libertad con dos a seis meses de prisi\u00f3n, y en el caso de muerte hasta seis meses o un a\u00f1o, explic\u00f3 \u00d3scar Salcedo, asesor jur\u00eddico.<\/p>\n<p>Una vez sentenciada la persona, tambi\u00e9n tendr\u00e1 que responsabilizarse de los da\u00f1os y perjuicios que haya causado al animal, seg\u00fan el COIP.<\/p>\n<p>\u00a0<\/p>\n<\/body>","protected":false},"excerpt":{"rendered":"<p>Ella es Kendra, una perrita de un a\u00f1o y un mes de edad que fue atacada este 22 de agosto con un machete por un ciudadano en el sector El Madrigal, perteneciente a la Cooperativa Caminos Vecinales. La due\u00f1a de la mascota mencion\u00f3 que las heridas le pudieron provocar la p\u00e9rdida de uno de sus [&hellip;]<\/p>\n","protected":false},"author":4,"featured_media":15582,"comment_status":"closed","ping_status":"closed","sticky":false,"template":"","format":"standard","meta":{"om_disable_all_campaigns":false,"_joinchat":[],"footnotes":""},"categories":[31],"tags":[],"class_list":["post-15581","post","type-post","status-publish","format-standard","has-post-thumbnail","hentry","category-la-region"],"_links":{"self":[{"href":"https:\/\/zaracaytv.com\/index.php?rest_route=\/wp\/v2\/posts\/15581","targetHints":{"allow":["GET"]}}],"collection":[{"href":"https:\/\/zaracaytv.com\/index.php?rest_route=\/wp\/v2\/posts"}],"about":[{"href":"https:\/\/zaracaytv.com\/index.php?rest_route=\/wp\/v2\/types\/post"}],"author":[{"embeddable":true,"href":"https:\/\/zaracaytv.com\/index.php?rest_route=\/wp\/v2\/users\/4"}],"replies":[{"embeddable":true,"href":"https:\/\/zaracaytv.com\/index.php?rest_route=%2Fwp%2Fv2%2Fcomments&post=15581"}],"version-history":[{"count":1,"href":"https:\/\/zaracaytv.com\/index.php?rest_route=\/wp\/v2\/posts\/15581\/revisions"}],"predecessor-version":[{"id":15583,"href":"https:\/\/zaracaytv.com\/index.php?rest_route=\/wp\/v2\/posts\/15581\/revisions\/15583"}],"wp:featuredmedia":[{"embeddable":true,"href":"https:\/\/zaracaytv.com\/index.php?rest_route=\/wp\/v2\/media\/15582"}],"wp:attachment":[{"href":"https:\/\/zaracaytv.com\/index.php?rest_route=%2Fwp%2Fv2%2Fmedia&parent=15581"}],"wp:term":[{"taxonomy":"category","embeddable":true,"href":"https:\/\/zaracaytv.com\/index.php?rest_route=%2Fwp%2Fv2%2Fcategories&post=15581"},{"taxonomy":"post_tag","embeddable":true,"href":"https:\/\/zaracaytv.com\/index.php?rest_route=%2Fwp%2Fv2%2Ftags&post=15581"}],"curies":[{"name":"wp","href":"https:\/\/api.w.org\/{rel}","templated":true}]}}