{"id":15113,"date":"2024-08-01T16:42:39","date_gmt":"2024-08-01T21:42:39","guid":{"rendered":"https:\/\/zaracaytv.com\/?p=15113"},"modified":"2024-08-01T16:42:39","modified_gmt":"2024-08-01T21:42:39","slug":"familia-de-bajos-recursos-necesita-ayuda","status":"publish","type":"post","link":"https:\/\/zaracaytv.com\/?p=15113","title":{"rendered":"FAMILIA DE BAJOS RECURSOS NECESITA AYUDA"},"content":{"rendered":"<body><p><\/p><img loading=\"lazy\" decoding=\"async\" class=\"size-medium wp-image-15114 alignleft\" src=\"https:\/\/zaracaytv.com\/wp-content\/uploads\/2024\/08\/gyi-300x166.png\" alt=\"\" width=\"300\" height=\"166\" loading=\"lazy\" srcset=\"https:\/\/zaracaytv.com\/wp-content\/uploads\/2024\/08\/gyi-300x166.png 300w, https:\/\/zaracaytv.com\/wp-content\/uploads\/2024\/08\/gyi-1024x567.png 1024w, https:\/\/zaracaytv.com\/wp-content\/uploads\/2024\/08\/gyi-768x425.png 768w, https:\/\/zaracaytv.com\/wp-content\/uploads\/2024\/08\/gyi-570x315.png 570w, https:\/\/zaracaytv.com\/wp-content\/uploads\/2024\/08\/gyi-270x149.png 270w, https:\/\/zaracaytv.com\/wp-content\/uploads\/2024\/08\/gyi.png 1287w\" sizes=\"auto, (max-width: 300px) 100vw, 300px\" \/>Postrada en una cama encontramos a \u00c1ngela Jara \u00c1lava, de 35 a\u00f1os de edad, que repentinamente present\u00f3 un quiebre en su salud. Ella tuvo que dejar su trabajo en la ciudad de Quito, y desde el 14 de junio hasta el 4 de julio estuvo en el Hospital Santo Domingo. <img loading=\"lazy\" decoding=\"async\" class=\"size-medium wp-image-15115 alignright\" src=\"https:\/\/zaracaytv.com\/wp-content\/uploads\/2024\/08\/dth-300x167.png\" alt=\"\" width=\"300\" height=\"167\" loading=\"lazy\" srcset=\"https:\/\/zaracaytv.com\/wp-content\/uploads\/2024\/08\/dth-300x167.png 300w, https:\/\/zaracaytv.com\/wp-content\/uploads\/2024\/08\/dth-1024x569.png 1024w, https:\/\/zaracaytv.com\/wp-content\/uploads\/2024\/08\/dth-768x427.png 768w, https:\/\/zaracaytv.com\/wp-content\/uploads\/2024\/08\/dth-570x317.png 570w, https:\/\/zaracaytv.com\/wp-content\/uploads\/2024\/08\/dth-270x150.png 270w, https:\/\/zaracaytv.com\/wp-content\/uploads\/2024\/08\/dth.png 1260w\" sizes=\"auto, (max-width: 300px) 100vw, 300px\" \/>\n<p>Digna \u00c1lava es la madre de \u00c1ngela. Ella\u00a0 debe cuidar a su hija a quien le detectaron h\u00edgado graso, pulmon\u00eda, leucemia en la sangre y hasta dengue, pero la dura situaci\u00f3n econ\u00f3mica y una serie de sucesos est\u00e1n provocando que ella est\u00e9 a punto de tirar la toalla. Sus cuatro hijas misteriosamente han ca\u00eddo gravemente enfermas en los \u00faltimos meses, lo que ha limitado los recursos para adquirir las medicinas.<\/p>\n<p>\u00c1ngela afirma que siente fuertes dolores en su pecho, en ocasiones no puede dormir y la fiebre la termina agobiando a\u00fan m\u00e1s. Su mayor fortaleza son sus hijos, pero teme que no pueda superar este desaf\u00edo.<\/p>\n<p><img loading=\"lazy\" decoding=\"async\" class=\"size-medium wp-image-15116 alignleft\" src=\"https:\/\/zaracaytv.com\/wp-content\/uploads\/2024\/08\/try-300x165.png\" alt=\"\" width=\"300\" height=\"165\" loading=\"lazy\" srcset=\"https:\/\/zaracaytv.com\/wp-content\/uploads\/2024\/08\/try-300x165.png 300w, https:\/\/zaracaytv.com\/wp-content\/uploads\/2024\/08\/try-1024x563.png 1024w, https:\/\/zaracaytv.com\/wp-content\/uploads\/2024\/08\/try-768x422.png 768w, https:\/\/zaracaytv.com\/wp-content\/uploads\/2024\/08\/try-570x313.png 570w, https:\/\/zaracaytv.com\/wp-content\/uploads\/2024\/08\/try-270x148.png 270w, https:\/\/zaracaytv.com\/wp-content\/uploads\/2024\/08\/try.png 1263w\" sizes=\"auto, (max-width: 300px) 100vw, 300px\" \/>Esta familia decidi\u00f3 apelar al buen coraz\u00f3n de los santodomingue\u00f1os que puedan aportar con un granito de arena, si usted desea colaborar con esta familia cont\u00e1ctese al n\u00famero 09 9220 33\u00a0 27 y al n\u00famero de cuenta de ahorro del Banco de Pichincha 2211131401, a nombre de \u00c1ngela Jara.<\/p>\n<p>\u00a0<\/p>\n<\/body>","protected":false},"excerpt":{"rendered":"<p>Postrada en una cama encontramos a \u00c1ngela Jara \u00c1lava, de 35 a\u00f1os de edad, que repentinamente present\u00f3 un quiebre en su salud. Ella tuvo que dejar su trabajo en la ciudad de Quito, y desde el 14 de junio hasta el 4 de julio estuvo en el Hospital Santo Domingo. Digna \u00c1lava es la madre [&hellip;]<\/p>\n","protected":false},"author":4,"featured_media":15114,"comment_status":"closed","ping_status":"closed","sticky":false,"template":"","format":"standard","meta":{"om_disable_all_campaigns":false,"_joinchat":[],"footnotes":""},"categories":[31],"tags":[],"class_list":["post-15113","post","type-post","status-publish","format-standard","has-post-thumbnail","hentry","category-la-region"],"_links":{"self":[{"href":"https:\/\/zaracaytv.com\/index.php?rest_route=\/wp\/v2\/posts\/15113","targetHints":{"allow":["GET"]}}],"collection":[{"href":"https:\/\/zaracaytv.com\/index.php?rest_route=\/wp\/v2\/posts"}],"about":[{"href":"https:\/\/zaracaytv.com\/index.php?rest_route=\/wp\/v2\/types\/post"}],"author":[{"embeddable":true,"href":"https:\/\/zaracaytv.com\/index.php?rest_route=\/wp\/v2\/users\/4"}],"replies":[{"embeddable":true,"href":"https:\/\/zaracaytv.com\/index.php?rest_route=%2Fwp%2Fv2%2Fcomments&post=15113"}],"version-history":[{"count":1,"href":"https:\/\/zaracaytv.com\/index.php?rest_route=\/wp\/v2\/posts\/15113\/revisions"}],"predecessor-version":[{"id":15117,"href":"https:\/\/zaracaytv.com\/index.php?rest_route=\/wp\/v2\/posts\/15113\/revisions\/15117"}],"wp:featuredmedia":[{"embeddable":true,"href":"https:\/\/zaracaytv.com\/index.php?rest_route=\/wp\/v2\/media\/15114"}],"wp:attachment":[{"href":"https:\/\/zaracaytv.com\/index.php?rest_route=%2Fwp%2Fv2%2Fmedia&parent=15113"}],"wp:term":[{"taxonomy":"category","embeddable":true,"href":"https:\/\/zaracaytv.com\/index.php?rest_route=%2Fwp%2Fv2%2Fcategories&post=15113"},{"taxonomy":"post_tag","embeddable":true,"href":"https:\/\/zaracaytv.com\/index.php?rest_route=%2Fwp%2Fv2%2Ftags&post=15113"}],"curies":[{"name":"wp","href":"https:\/\/api.w.org\/{rel}","templated":true}]}}