{"id":15107,"date":"2024-08-01T11:53:05","date_gmt":"2024-08-01T16:53:05","guid":{"rendered":"https:\/\/zaracaytv.com\/?p=15107"},"modified":"2024-08-01T11:53:05","modified_gmt":"2024-08-01T16:53:05","slug":"agricultores-de-manabi-y-esmeraldas-expusieron-sus-necesidades","status":"publish","type":"post","link":"https:\/\/zaracaytv.com\/?p=15107","title":{"rendered":"AGRICULTORES DE MANAB\u00cd Y ESMERALDAS EXPUSIERON SUS NECESIDADES"},"content":{"rendered":"<body><p><\/p><img loading=\"lazy\" decoding=\"async\" class=\"size-medium wp-image-15108 alignright\" src=\"https:\/\/zaracaytv.com\/wp-content\/uploads\/2024\/08\/XFGFSDG-300x197.png\" alt=\"\" width=\"300\" height=\"197\" loading=\"lazy\" srcset=\"https:\/\/zaracaytv.com\/wp-content\/uploads\/2024\/08\/XFGFSDG-300x197.png 300w, https:\/\/zaracaytv.com\/wp-content\/uploads\/2024\/08\/XFGFSDG-1024x672.png 1024w, https:\/\/zaracaytv.com\/wp-content\/uploads\/2024\/08\/XFGFSDG-768x504.png 768w, https:\/\/zaracaytv.com\/wp-content\/uploads\/2024\/08\/XFGFSDG-503x330.png 503w, https:\/\/zaracaytv.com\/wp-content\/uploads\/2024\/08\/XFGFSDG-270x177.png 270w, https:\/\/zaracaytv.com\/wp-content\/uploads\/2024\/08\/XFGFSDG.png 1053w\" sizes=\"auto, (max-width: 300px) 100vw, 300px\" \/>Cerca de 50 comunidades de las provincias de Manab\u00ed y Esmeraldas se congregaron en el recinto El Palmar de Las Mercedes perteneciente al cant\u00f3n El Carmen. El objetivo fue exponer varias de las necesidades a las autoridades para gestionar obras y urgencias. Una de ellas fue solicitar la implementaci\u00f3n de un bachillerato para los habitantes del recinto Nueva Azuay, quienes 5 unidades educativas llegaron en comisi\u00f3n para exigir este pedido, pero la sorpresa es que no todos los ministros invitados asistieron.\n<p>Quienes organizaron la visita de las autoridades en el recinto El Palmar de Las Mercedes mencionaron que necesitan la construcci\u00f3n de un \u00e1rea comunal, parques, el arreglo de la v\u00eda entre otras obras, as\u00ed lo mencion\u00f3 Elsa Mendoza, colona del sitio.<\/p>\n<p>Los gobernadores de Manab\u00ed y Esmeraldas mencionaron que mediante el apoyo de la Confederaci\u00f3n de Cooperaciones Productivas Agropecuarias del Litoral, Cancarplat, se gestionar\u00e1 un plan de intervenci\u00f3n en estos puntos.<\/p>\n<p>Con esta iniciativa se busca adem\u00e1s que se trabaje en conjunto entre el Gobierno, Prefecturas, Municipalidad y GAD Parroquiales para tener mejores resultados.<\/p>\n<\/body>","protected":false},"excerpt":{"rendered":"<p>Cerca de 50 comunidades de las provincias de Manab\u00ed y Esmeraldas se congregaron en el recinto El Palmar de Las Mercedes perteneciente al cant\u00f3n El Carmen. El objetivo fue exponer varias de las necesidades a las autoridades para gestionar obras y urgencias. Una de ellas fue solicitar la implementaci\u00f3n de un bachillerato para los habitantes [&hellip;]<\/p>\n","protected":false},"author":4,"featured_media":15108,"comment_status":"closed","ping_status":"closed","sticky":false,"template":"","format":"standard","meta":{"om_disable_all_campaigns":false,"_joinchat":[],"footnotes":""},"categories":[31],"tags":[],"class_list":["post-15107","post","type-post","status-publish","format-standard","has-post-thumbnail","hentry","category-la-region"],"_links":{"self":[{"href":"https:\/\/zaracaytv.com\/index.php?rest_route=\/wp\/v2\/posts\/15107","targetHints":{"allow":["GET"]}}],"collection":[{"href":"https:\/\/zaracaytv.com\/index.php?rest_route=\/wp\/v2\/posts"}],"about":[{"href":"https:\/\/zaracaytv.com\/index.php?rest_route=\/wp\/v2\/types\/post"}],"author":[{"embeddable":true,"href":"https:\/\/zaracaytv.com\/index.php?rest_route=\/wp\/v2\/users\/4"}],"replies":[{"embeddable":true,"href":"https:\/\/zaracaytv.com\/index.php?rest_route=%2Fwp%2Fv2%2Fcomments&post=15107"}],"version-history":[{"count":1,"href":"https:\/\/zaracaytv.com\/index.php?rest_route=\/wp\/v2\/posts\/15107\/revisions"}],"predecessor-version":[{"id":15109,"href":"https:\/\/zaracaytv.com\/index.php?rest_route=\/wp\/v2\/posts\/15107\/revisions\/15109"}],"wp:featuredmedia":[{"embeddable":true,"href":"https:\/\/zaracaytv.com\/index.php?rest_route=\/wp\/v2\/media\/15108"}],"wp:attachment":[{"href":"https:\/\/zaracaytv.com\/index.php?rest_route=%2Fwp%2Fv2%2Fmedia&parent=15107"}],"wp:term":[{"taxonomy":"category","embeddable":true,"href":"https:\/\/zaracaytv.com\/index.php?rest_route=%2Fwp%2Fv2%2Fcategories&post=15107"},{"taxonomy":"post_tag","embeddable":true,"href":"https:\/\/zaracaytv.com\/index.php?rest_route=%2Fwp%2Fv2%2Ftags&post=15107"}],"curies":[{"name":"wp","href":"https:\/\/api.w.org\/{rel}","templated":true}]}}