{"id":14862,"date":"2024-07-23T11:24:16","date_gmt":"2024-07-23T16:24:16","guid":{"rendered":"https:\/\/zaracaytv.com\/?p=14862"},"modified":"2024-07-23T11:40:34","modified_gmt":"2024-07-23T16:40:34","slug":"chabalo-paso-de-taxista-a-empresario-de-transporte-para-el-envio-de-coca-de-los-comandos-de-la-frontera","status":"publish","type":"post","link":"https:\/\/zaracaytv.com\/?p=14862","title":{"rendered":"CHABALO PAS\u00d3 DE TAXISTA A EMPRESARIO DE TRANSPORTE, PARA EL ENV\u00cdO DE COCA DE LOS COMANDOS DE LA FRONTERA"},"content":{"rendered":"<body><p><\/p><img loading=\"lazy\" decoding=\"async\" class=\"size-medium wp-image-14868 alignleft\" src=\"https:\/\/zaracaytv.com\/wp-content\/uploads\/2024\/07\/22-300x200.jpg\" alt=\"\" width=\"300\" height=\"200\" loading=\"lazy\" srcset=\"https:\/\/zaracaytv.com\/wp-content\/uploads\/2024\/07\/22-300x200.jpg 300w, https:\/\/zaracaytv.com\/wp-content\/uploads\/2024\/07\/22-768x512.jpg 768w, https:\/\/zaracaytv.com\/wp-content\/uploads\/2024\/07\/22-495x330.jpg 495w, https:\/\/zaracaytv.com\/wp-content\/uploads\/2024\/07\/22-270x180.jpg 270w, https:\/\/zaracaytv.com\/wp-content\/uploads\/2024\/07\/22.jpg 1024w\" sizes=\"auto, (max-width: 300px) 100vw, 300px\" \/>\n<p class=\"p_2\">En abril del 2023 Juan Carlos Chulca,\u00a0alias\u00a0<i>Chabalo<\/i>, festej\u00f3 su cumplea\u00f1os 44 a lo grande. Ostentoso y descomplicado\u00a0no se hab\u00eda percatado de que agentes de Inteligencia le segu\u00edan los pasos.\u00a0Conoc\u00edan todos su movimientos y contactos. Su captura era cuesti\u00f3n de tiempo\u2026<\/p>\n<p class=\"p_3\">La madrugada del \u00faltimo s\u00e1bado 21 julio\u00a0a\u00a0<i>Chabalo<\/i>\u00a0se le durmi\u00f3 el diablo, mientras beb\u00eda whiskie Johnnie Walker Double Black con\u00a0cinco de sus colaboradores. Festejaba en una lujosa casa que rentaba desde el a\u00f1o pasado en la opulenta zona de Barbasquillo, en Manta.<\/p>\n<p class=\"p_4\">En un operativo ejecutado por el Bloque de Seguridad, miembros de Fuerzas Armadas y la Polic\u00eda, con el apoyo de agencias de Estados Unidos,\u00a0capturaron a Chabalo, quien es uno de los\u00a0principales operadores del peligroso grupo narcoterrorista colombiano Comandos de la Frontera.<\/p>\n<p>En la operaci\u00f3n, los uniformados encontraron\u00a0565 mil d\u00f3lares en efectivo, dos armas de fuego, seis veh\u00edculos de alta gama\u00a0(tres de ellos blindados), relojes, joyas, ropa e implementos caros, de marca.<\/p>\n<div class=\"paragraph texto\">\n<p class=\"p_7\"><i>Chabalo<\/i>\u00a0es considerado un objetivo militar,\u00a0un blanco de alto valor, por sus tareas de log\u00edstica para los Comandos de la Frontera, que controlan la\u00a0producci\u00f3n y venta de coca\u00edna en el Putumayo, bajo el mando de alias Ara\u00f1a.<\/p>\n<\/div>\n<div class=\"html_text\">\n<h2>El Gordo Oliver Solarte fue su mentor<\/h2>\n<\/div>\n<div class=\"paragraph texto\">\n<p class=\"p_8\">Seg\u00fan Inteligencia,\u00a0Chabalo empez\u00f3 a colaborar desde muy joven para el Frente 48 de las FARC, cuando el\u00a0<i>El Gordo,<\/i>\u00a0<i>Oliver Solarte<\/i>\u00a0era su jefe financiero. No pasaba de los 20 a\u00f1os. De hecho, Solarte fue una especie de padrino, de mentor de Chulca, a quien empez\u00f3 a asignarle tareas importantes para el transporte de la \u201cmerca\u201d.<\/p>\n<p class=\"p_10\">Desde el 2000,\u00a0las FARC estrecharon sus nexos con el cartel de Sinaloa, para el env\u00edo de coca\u00edna desde los laboratorios en el cord\u00f3n fronterizo entre\u00a0Putumayo y Sucumb\u00edos, por la ruta que llega a\u00a0Santo Domingo de los Ts\u00e1chilas, donde hay bodegas para el acopio de la droga. Luego,\u00a0la coca es transportada hacia diferentes puertos de Manab\u00ed, Guayas y El Oro, para la posterior exportaci\u00f3n a mercados internacionales, en especial de Estados Unidos y Europa.<\/p>\n<p class=\"p_11\">El cerebro de esas operaciones criminales y enlace con los carteles mexicanos era el\u00a0Gordo Solarte, mentor de quienes hoy son algunos de los\u00a0cabecillas de los Comandos de la Frontera.<\/p>\n<div class=\"paragraph texto\">\n<p class=\"p_12\">Se mov\u00eda constantemente entre Colombia y Ecuador, donde tambi\u00e9n operaba en una hacienda en Santo Domingo, en la Bocana del B\u00faa, que arrendaba, bajo el\u00a0alias de Casimiro, al general (sp) Ren\u00e9 Vargas, seg\u00fan confirm\u00f3 la Comisi\u00f3n de Angostura, integrada por pedido del gobierno de Rafael Correa, tras el\u00a0bombardeo a una base de las FARC en Ecuador, en marzo del 2008.<\/p>\n<p class=\"p_13\">Para entonces,\u00a0Vargas ya se hab\u00eda reunido con el segundo de las FARC, Ra\u00fal Reyes, en uno de sus campamentos en el\u00a0Putumayo, y\u00a0luego apoy\u00f3 a Correa\u00a0en la campa\u00f1a que lo llev\u00f3 a la Presidencia, en 2006. Al posesionarse, lo nombr\u00f3\u00a0embajador en Caracas\u00a0por su amistad cercana con el entonces presidente\u00a0Hugo Ch\u00e1vez, otro ferviente aliado de las FARC.<\/p>\n<\/div>\n<div class=\"paragraph texto\">\n<p class=\"p_14\">Solarte muri\u00f3 en 2011, abatido por militares colombianos en plena frontera, en el r\u00edo San Miguel, con el apoyo de miembros del Ej\u00e9rcito ecuatoriano.<\/p>\n<p class=\"p_15\">Cuando las FARC sellaron el\u00a0acuerdo de paz con el gobierno\u00a0colombiano, en 2016, buena parte de los miembros del Frente 48 formaron la disidencia Comandos de la Frontera, que hoy controla la producci\u00f3n y comercializaci\u00f3n de coca en el Putumayo y Sucumb\u00edos.<\/p>\n<p class=\"p_16\">Con los a\u00f1os, El Chabalo se convirti\u00f3 en uno de los\u00a0principales transportadores de la coca\u00edna\u00a0que ingresa por esa zona, de donde es oriundo.<\/p>\n<div class=\"paragraph texto\">\n<p class=\"p_18\">Su rol principal es ser\u00a0proveedor\u00a0de varios grupos criminales, en especial de\u00a0Los Choneros.\u00a0Por su gran capacidad financiera y con su fachada de empresario de transporte pesado ha tejido una\u00a0intrincada red de contactos con autoridades\u00a0de la provincia amaz\u00f3nica, entre jueces, fiscales, autoridades seccionales, pol\u00edticos y miembros de la fuerza p\u00fablica, que son sus colaboradores. Su despegue en el mundo criminal est\u00e1 directamente vinculado con el surgimiento de los Comandos de la Frontera, que tambi\u00e9n tienen sus propias redes de colaboradores en Sucumb\u00edos, Orellana y otras provincias de la Costa.<\/p>\n<\/div>\n<div class=\"paragraph texto\">\n<p class=\"p_19\">Para\u00a0coordinar los env\u00edos directamente, analistas de Inteligencia estiman que\u00a0Chabalo se instal\u00f3 en Manta, donde rentaba una casa suntuosa, pagando un arriendo mensual de 7 mil d\u00f3lares.<\/p>\n<div class=\"paragraph texto\">\n<p class=\"p_20\">En el portal del Consejo de la Judicatura, registra procesos por\u00a0enriquecimiento il\u00edcito\u00a0en el 2005, por\u00a0narcotr\u00e1fico\u00a0en 2013 y por\u00a0estupefacientes, en 2014.<\/p>\n<\/div>\n<div class=\"html_text\">\n<h2>De taxista a empresario de transporte pesado<\/h2>\n<\/div>\n<div class=\"paragraph texto\">\n<p class=\"p_21\">Juan Carlos Chulca\u00a0pas\u00f3 de ser taxista y un simple microtraficante a un pr\u00f3spero empresario. En la Superintendencia de Compa\u00f1\u00edas aparece como accionista principal y gerente de dos compa\u00f1\u00edas de transporte de carga pesada.<\/p>\n<\/div>\n<div class=\"paragraph texto\">\n<p class=\"p_22\">-Compa\u00f1\u00eda de Transportes de carga pesada \u00bbTranschul\u00bb S.A. (activa)<\/p>\n<p class=\"p_23\">-Compa\u00f1\u00eda de Transporte pesado Transcuvic S.A. (activa)<\/p>\n<p class=\"p_24\">Varios de sus familiares son parte de esas empresas, creadas en en Lago Agrio. Las autoridades sospechan que tambi\u00e9n habr\u00edan sido usadas para el env\u00edo de coca\u00edna en su flota de camiones.<\/p>\n<p class=\"p_25\">La primera detenci\u00f3n de Chulca se remota al 2003, por supuestas actividades de narcotr\u00e1fico. Ese a\u00f1o, durante la operaci\u00f3n\u00a0<i>\u201cDinero F\u00e1cil\u201d<\/i>\u00a0en Tulc\u00e1n, Carchi, personal antinarc\u00f3ticos descubri\u00f3 la\u00a0movilizaci\u00f3n fraudulenta de 869 millones 670 mil pesos colombianos, alrededor de 350 mil d\u00f3lares, tras una denuncia an\u00f3nima.<\/p>\n<\/div>\n<div class=\"paragraph texto\">\n<p class=\"p_26\">El dinero iba camuflado debajo del piso del caj\u00f3n de madera de un veh\u00edculo Hino, sin placas, que se accident\u00f3. El Chabalo, quien conduc\u00eda el autom\u00f3vil fue hospitalizado y luego detenido junto a sus tres acompa\u00f1antes, con quienes viajaba hacia Sucumb\u00edos.<\/p>\n<p class=\"p_27\">Aunque la Polic\u00eda estim\u00f3 que el dinero incautado era producto de la venta de coca\u00edna (se detectaron residuos de esa droga con un aparato identificador), Chabalo fue liberado. Los siguientes a\u00f1os sigui\u00f3 encumbr\u00e1ndose como un\u00a0importante cabecilla criminal\u00a0en Sucumb\u00edos.<\/p>\n<p class=\"p_28\">Desde el a\u00f1o anterior, agentes de Inteligencia profundizaron sus seguimientos. As\u00ed establecieron que el 13 de abril de 2023\u00a0El Chabalo celebr\u00f3 su cumplea\u00f1os en la Quinta \u201cDon Pancho\u201d, de Lago Agrio, por todo lo alto. Animaron el festejo corridos mexicanos y vallenatos.\u00a0Incluso fue contratado un famoso artista colombiano.<\/p>\n<p class=\"p_29\">El Chabalo ha cuajado contactos con\u00a0l\u00edderes importantes de algunos grupos criminales.\u00a0Por eso fue uno de los invitados a la narcofiesta por el cumplea\u00f1os de\u00a0Celso Moreira, un\u00a0capo invisible de Los Choneros, hoy detenido por tr\u00e1fico de armas.<\/p>\n<p class=\"p_31\">De hecho fue uno de los\u00a0203 asistentes que estuvieron retenidos tras esa farra, por m\u00e1s de 12 horas, hasta rendir su versi\u00f3n en la Fiscal\u00eda, en mayo pasado. Luego fue liberado.<\/p>\n<p class=\"p_32\">En las fotograf\u00edas de las\u00a0detenciones de Moreira y Chulca, ambos aparecen\u00a0esposados, usando las mismas sandalias Versace, con suela dorada.<\/p>\n<\/div>\n<\/div>\n<\/div>\n<\/div>\n<p><\/p>\n<\/body>","protected":false},"excerpt":{"rendered":"<p>En abril del 2023 Juan Carlos Chulca,\u00a0alias\u00a0Chabalo, festej\u00f3 su cumplea\u00f1os 44 a lo grande. Ostentoso y descomplicado\u00a0no se hab\u00eda percatado de que agentes de Inteligencia le segu\u00edan los pasos.\u00a0Conoc\u00edan todos su movimientos y contactos. Su captura era cuesti\u00f3n de tiempo\u2026 La madrugada del \u00faltimo s\u00e1bado 21 julio\u00a0a\u00a0Chabalo\u00a0se le durmi\u00f3 el diablo, mientras beb\u00eda whiskie Johnnie [&hellip;]<\/p>\n","protected":false},"author":4,"featured_media":14868,"comment_status":"closed","ping_status":"closed","sticky":false,"template":"","format":"standard","meta":{"om_disable_all_campaigns":false,"_joinchat":[],"footnotes":""},"categories":[48],"tags":[],"class_list":["post-14862","post","type-post","status-publish","format-standard","has-post-thumbnail","hentry","category-cronica-roja"],"_links":{"self":[{"href":"https:\/\/zaracaytv.com\/index.php?rest_route=\/wp\/v2\/posts\/14862","targetHints":{"allow":["GET"]}}],"collection":[{"href":"https:\/\/zaracaytv.com\/index.php?rest_route=\/wp\/v2\/posts"}],"about":[{"href":"https:\/\/zaracaytv.com\/index.php?rest_route=\/wp\/v2\/types\/post"}],"author":[{"embeddable":true,"href":"https:\/\/zaracaytv.com\/index.php?rest_route=\/wp\/v2\/users\/4"}],"replies":[{"embeddable":true,"href":"https:\/\/zaracaytv.com\/index.php?rest_route=%2Fwp%2Fv2%2Fcomments&post=14862"}],"version-history":[{"count":2,"href":"https:\/\/zaracaytv.com\/index.php?rest_route=\/wp\/v2\/posts\/14862\/revisions"}],"predecessor-version":[{"id":14869,"href":"https:\/\/zaracaytv.com\/index.php?rest_route=\/wp\/v2\/posts\/14862\/revisions\/14869"}],"wp:featuredmedia":[{"embeddable":true,"href":"https:\/\/zaracaytv.com\/index.php?rest_route=\/wp\/v2\/media\/14868"}],"wp:attachment":[{"href":"https:\/\/zaracaytv.com\/index.php?rest_route=%2Fwp%2Fv2%2Fmedia&parent=14862"}],"wp:term":[{"taxonomy":"category","embeddable":true,"href":"https:\/\/zaracaytv.com\/index.php?rest_route=%2Fwp%2Fv2%2Fcategories&post=14862"},{"taxonomy":"post_tag","embeddable":true,"href":"https:\/\/zaracaytv.com\/index.php?rest_route=%2Fwp%2Fv2%2Ftags&post=14862"}],"curies":[{"name":"wp","href":"https:\/\/api.w.org\/{rel}","templated":true}]}}